{"id":20468,"date":"2026-04-01T19:38:06","date_gmt":"2026-04-01T19:38:06","guid":{"rendered":"https:\/\/www.casadeentrerios.gov.ar\/?p=20468"},"modified":"2026-04-02T00:31:27","modified_gmt":"2026-04-02T00:31:27","slug":"entre-rios-sera-sede-de-las-jornadas-del-cluster-del-pecan-2026-con-eje-en-la-productividad-del-sector","status":"publish","type":"post","link":"https:\/\/www.casadeentrerios.gov.ar\/?p=20468","title":{"rendered":"Entre R\u00edos ser\u00e1 sede de las Jornadas del Cluster del Pec\u00e1n 2026, con eje en la productividad del sector"},"content":{"rendered":"\t\t<div data-elementor-type=\"wp-post\" data-elementor-id=\"20468\" class=\"elementor elementor-20468\" data-elementor-post-type=\"post\">\n\t\t\t\t\t\t<section class=\"elementor-section elementor-top-section elementor-element elementor-element-4555c5d elementor-section-boxed elementor-section-height-default elementor-section-height-default\" data-id=\"4555c5d\" data-element_type=\"section\" data-e-type=\"section\">\n\t\t\t\t\t\t<div class=\"elementor-container elementor-column-gap-default\">\n\t\t\t\t\t<div class=\"elementor-column elementor-col-100 elementor-top-column elementor-element elementor-element-235ef31\" data-id=\"235ef31\" data-element_type=\"column\" data-e-type=\"column\">\n\t\t\t<div class=\"elementor-widget-wrap elementor-element-populated\">\n\t\t\t\t\t\t<div class=\"elementor-element elementor-element-b105f46 elementor-widget elementor-widget-spacer\" data-id=\"b105f46\" data-element_type=\"widget\" data-e-type=\"widget\" data-widget_type=\"spacer.default\">\n\t\t\t\t<div class=\"elementor-widget-container\">\n\t\t\t\t\t\t\t<div class=\"elementor-spacer\">\n\t\t\t<div class=\"elementor-spacer-inner\"><\/div>\n\t\t<\/div>\n\t\t\t\t\t\t<\/div>\n\t\t\t\t<\/div>\n\t\t\t\t\t<\/div>\n\t\t<\/div>\n\t\t\t\t\t<\/div>\n\t\t<\/section>\n\t\t\t\t<section class=\"elementor-section elementor-top-section elementor-element elementor-element-7398c220 elementor-section-boxed elementor-section-height-default elementor-section-height-default\" data-id=\"7398c220\" data-element_type=\"section\" data-e-type=\"section\">\n\t\t\t\t\t\t<div class=\"elementor-container elementor-column-gap-default\">\n\t\t\t\t\t<div class=\"elementor-column elementor-col-100 elementor-top-column elementor-element elementor-element-684285af\" data-id=\"684285af\" data-element_type=\"column\" data-e-type=\"column\">\n\t\t\t<div class=\"elementor-widget-wrap elementor-element-populated\">\n\t\t\t\t\t\t<div class=\"elementor-element elementor-element-47607070 elementor-widget elementor-widget-heading\" data-id=\"47607070\" data-element_type=\"widget\" data-e-type=\"widget\" data-widget_type=\"heading.default\">\n\t\t\t\t<div class=\"elementor-widget-container\">\n\t\t\t\t\t<h2 class=\"elementor-heading-title elementor-size-default\">Entre R\u00edos ser\u00e1 sede de las Jornadas del Cluster del Pec\u00e1n 2026, con eje en la productividad del sector<\/h2>\t\t\t\t<\/div>\n\t\t\t\t<\/div>\n\t\t\t\t\t<\/div>\n\t\t<\/div>\n\t\t\t\t\t<\/div>\n\t\t<\/section>\n\t\t\t\t<section class=\"elementor-section elementor-top-section elementor-element elementor-element-39372332 elementor-section-boxed elementor-section-height-default elementor-section-height-default\" data-id=\"39372332\" data-element_type=\"section\" data-e-type=\"section\">\n\t\t\t\t\t\t<div class=\"elementor-container elementor-column-gap-default\">\n\t\t\t\t\t<div class=\"elementor-column elementor-col-100 elementor-top-column elementor-element elementor-element-2dc8fb99\" data-id=\"2dc8fb99\" data-element_type=\"column\" data-e-type=\"column\">\n\t\t\t<div class=\"elementor-widget-wrap elementor-element-populated\">\n\t\t\t\t\t\t<div class=\"elementor-element elementor-element-2a90299d elementor-widget elementor-widget-text-editor\" data-id=\"2a90299d\" data-element_type=\"widget\" data-e-type=\"widget\" data-widget_type=\"text-editor.default\">\n\t\t\t\t<div class=\"elementor-widget-container\">\n\t\t\t\t\t\t\t\t\t<p data-start=\"69\" data-end=\"337\">Se desarrollar\u00e1n del 8 al 10 de abril en la ciudad de Concordia, convocando a productores, t\u00e9cnicos, empresas e instituciones de todo el pa\u00eds, en un espacio orientado a fortalecer la productividad, la innovaci\u00f3n y el desarrollo de la cadena del pec\u00e1n en la regi\u00f3n.<\/p>\t\t\t\t\t\t\t\t<\/div>\n\t\t\t\t<\/div>\n\t\t\t\t\t<\/div>\n\t\t<\/div>\n\t\t\t\t\t<\/div>\n\t\t<\/section>\n\t\t\t\t<section class=\"elementor-section elementor-top-section elementor-element elementor-element-7773aaa8 elementor-section-boxed elementor-section-height-default elementor-section-height-default\" data-id=\"7773aaa8\" data-element_type=\"section\" data-e-type=\"section\">\n\t\t\t\t\t\t<div class=\"elementor-container elementor-column-gap-default\">\n\t\t\t\t\t<div class=\"elementor-column elementor-col-66 elementor-top-column elementor-element elementor-element-3fa58ab8\" data-id=\"3fa58ab8\" data-element_type=\"column\" data-e-type=\"column\">\n\t\t\t<div class=\"elementor-widget-wrap elementor-element-populated\">\n\t\t\t\t\t\t<div class=\"elementor-element elementor-element-7b2d77a1 elementor-widget elementor-widget-text-editor\" data-id=\"7b2d77a1\" data-element_type=\"widget\" data-e-type=\"widget\" data-widget_type=\"text-editor.default\">\n\t\t\t\t<div class=\"elementor-widget-container\">\n\t\t\t\t\t\t\t\t\t<p><strong>Suscribite al newsletter de Casa de Entre Rios &gt;<span style=\"color: #008000;\">&nbsp;<a style=\"color: #008000;\" href=\"https:\/\/www.casadeentrerios.gov.ar\/suscripcion\" target=\"_blank\" rel=\"noopener\">REGISTRATE<\/a><\/span><\/strong><\/p>\t\t\t\t\t\t\t\t<\/div>\n\t\t\t\t<\/div>\n\t\t\t\t<div class=\"elementor-element elementor-element-61c813ee elementor-widget elementor-widget-text-editor\" data-id=\"61c813ee\" data-element_type=\"widget\" data-e-type=\"widget\" data-widget_type=\"text-editor.default\">\n\t\t\t\t<div class=\"elementor-widget-container\">\n\t\t\t\t\t\t\t\t\t<div class=\"flex flex-grow flex-col gap-3\"><div class=\"min-h-[20px] flex flex-col items-start gap-4 whitespace-pre-wrap\"><div class=\"markdown prose w-full break-words dark:prose-invert light\"><p data-start=\"487\" data-end=\"715\">Entre R\u00edos ser\u00e1 escenario de una nueva edici\u00f3n de las <strong data-start=\"541\" data-end=\"580\">Jornadas del Cluster del Pec\u00e1n 2026<\/strong>, el evento anual m\u00e1s importante del sector en Argentina, que re\u00fane a los principales actores de esta cadena productiva en crecimiento.<\/p><p data-start=\"717\" data-end=\"904\">La propuesta busca consolidar el desarrollo del cultivo a partir del intercambio de conocimientos, la incorporaci\u00f3n de tecnolog\u00eda y la articulaci\u00f3n entre productores, t\u00e9cnicos y empresas.<\/p><p data-start=\"906\" data-end=\"1216\">En esta edici\u00f3n, el eje estar\u00e1 puesto en la <strong data-start=\"950\" data-end=\"981\">productividad de los montes<\/strong>, entendida como una condici\u00f3n clave para garantizar la sostenibilidad del negocio pecanero. En este sentido, el desaf\u00edo se orienta a mejorar los niveles de producci\u00f3n y eficiencia a partir de pr\u00e1cticas de manejo cada vez m\u00e1s precisas.<\/p><p data-section-id=\"14wnqzp\" data-start=\"1218\" data-end=\"1261\"><strong>Apertura con jornada a campo en Yuquer\u00ed<\/strong><\/p><p data-start=\"1263\" data-end=\"1577\">La agenda comenzar\u00e1 el <strong data-start=\"1286\" data-end=\"1311\">8 de abril en Yuquer\u00ed<\/strong>, con una jornada a campo que marcar\u00e1 la apertura de la cosecha de pec\u00e1n. La actividad incluir\u00e1 recorridas por el monte y demostraciones pr\u00e1cticas sobre preparaci\u00f3n de la plantaci\u00f3n, cosecha y poscosecha, brindando herramientas concretas para productores y t\u00e9cnicos.<\/p><p data-section-id=\"1t9axm3\" data-start=\"1579\" data-end=\"1621\"><strong>Jornadas t\u00e9cnicas y mirada estrat\u00e9gica<\/strong><\/p><p data-start=\"1623\" data-end=\"1937\">Las actividades continuar\u00e1n el <strong data-start=\"1654\" data-end=\"1686\">9 y 10 de abril en el Centro de Convenciones de Concordia<\/strong>, con un programa t\u00e9cnico que abordar\u00e1 los principales ejes del cultivo, incluyendo riego, nutrici\u00f3n, sanidad, poda y gesti\u00f3n productiva. Tambi\u00e9n se presentar\u00e1n resultados de diagn\u00f3sticos del sector y experiencias de productores de distintas regiones.<\/p><p data-start=\"1939\" data-end=\"2159\">Adem\u00e1s, se incorporar\u00e1 una mirada estrat\u00e9gica sobre el contexto actual de la actividad, con an\u00e1lisis del escenario comercial y proyecci\u00f3n hacia mercados internacionales como China, Europa, Estados Unidos y Medio Oriente.<\/p><p data-section-id=\"13xyki\" data-start=\"2161\" data-end=\"2202\"><strong>Producci\u00f3n, tecnolog\u00eda y articulaci\u00f3n<\/strong><\/p><p data-start=\"2204\" data-end=\"2470\">El evento contar\u00e1 con una muestra comercial que reunir\u00e1 a empresas proveedoras de plantas, maquinaria, tecnolog\u00eda, insumos y servicios especializados, consolid\u00e1ndose como un espacio clave para el intercambio y la vinculaci\u00f3n entre los distintos actores de la cadena.<\/p><p data-start=\"2472\" data-end=\"2653\">De esta manera, Entre R\u00edos reafirma su posicionamiento como referente en la producci\u00f3n de pec\u00e1n, impulsando instancias que combinan capacitaci\u00f3n, innovaci\u00f3n y desarrollo productivo.<\/p><p data-start=\"2472\" data-end=\"2653\">En este marco, la Representaci\u00f3n del Gobierno de Entre R\u00edos en la Ciudad de Buenos Aires acompa\u00f1a y promueve este tipo de iniciativas, fortaleciendo la visibilidad del sector y el trabajo de los productores entrerrianos a nivel nacional.<\/p><p data-start=\"2532\" data-end=\"2636\"><strong>Para m\u00e1s informaci\u00f3n sobre el evento, ingresar a <span style=\"color: #800000;\"><a style=\"color: #800000;\" href=\"https:\/\/clusterdelpecan.org.ar\" target=\"_blank\" rel=\"noopener\">clusterdelpecan.org.ar<\/a><\/span><\/strong><\/p><\/div><\/div><\/div>\t\t\t\t\t\t\t\t<\/div>\n\t\t\t\t<\/div>\n\t\t\t\t<div class=\"elementor-element elementor-element-47feb2ce elementor-widget elementor-widget-text-editor\" data-id=\"47feb2ce\" data-element_type=\"widget\" data-e-type=\"widget\" data-widget_type=\"text-editor.default\">\n\t\t\t\t<div class=\"elementor-widget-container\">\n\t\t\t\t\t\t\t\t\t<p><span style=\"color: var( --e-global-color-dea41e4 ); font-size: var( --e-global-typography-b2ce6af-font-size ); letter-spacing: var( --e-global-typography-b2ce6af-letter-spacing ); word-spacing: var( --e-global-typography-b2ce6af-word-spacing );\">&#8211;<\/span><\/p><p><strong>Equipo de Prensa<\/strong><\/p><p>Representaci\u00f3n Gob. Entre R\u00edos -CABA-<\/p><p>comunicacion@casadeentrerios.gov.ar<\/p>\t\t\t\t\t\t\t\t<\/div>\n\t\t\t\t<\/div>\n\t\t\t\t<div class=\"elementor-element elementor-element-6492f6ca elementor-widget elementor-widget-text-editor\" data-id=\"6492f6ca\" data-element_type=\"widget\" data-e-type=\"widget\" data-widget_type=\"text-editor.default\">\n\t\t\t\t<div class=\"elementor-widget-container\">\n\t\t\t\t\t\t\t\t\t<p><strong style=\"color: var( --e-global-color-dea41e4 ); letter-spacing: var( --e-global-typography-b2ce6af-letter-spacing ); word-spacing: var( --e-global-typography-b2ce6af-word-spacing );\">Suscribite al newsletter de Casa de Entre Rios &gt;<span style=\"color: #008000;\">\u00a0<a style=\"color: #008000;\" href=\"https:\/\/www.casadeentrerios.gov.ar\/suscripcion\" target=\"_blank\" rel=\"noopener\">REGISTRATE<\/a><\/span><\/strong><\/p>\t\t\t\t\t\t\t\t<\/div>\n\t\t\t\t<\/div>\n\t\t\t\t\t<\/div>\n\t\t<\/div>\n\t\t\t\t<div class=\"elementor-column elementor-col-33 elementor-top-column elementor-element elementor-element-3c9a5c5f\" data-id=\"3c9a5c5f\" data-element_type=\"column\" data-e-type=\"column\">\n\t\t\t<div class=\"elementor-widget-wrap\">\n\t\t\t\t\t\t\t<\/div>\n\t\t<\/div>\n\t\t\t\t\t<\/div>\n\t\t<\/section>\n\t\t\t\t<section class=\"elementor-section elementor-top-section elementor-element elementor-element-afd719a elementor-section-boxed elementor-section-height-default elementor-section-height-default\" data-id=\"afd719a\" data-element_type=\"section\" data-e-type=\"section\">\n\t\t\t\t\t\t<div class=\"elementor-container elementor-column-gap-default\">\n\t\t\t\t\t<div class=\"elementor-column elementor-col-100 elementor-top-column elementor-element elementor-element-6486dfb\" data-id=\"6486dfb\" data-element_type=\"column\" data-e-type=\"column\">\n\t\t\t<div class=\"elementor-widget-wrap elementor-element-populated\">\n\t\t\t\t\t\t<div class=\"elementor-element elementor-element-4036ff1 elementor-widget elementor-widget-spacer\" data-id=\"4036ff1\" data-element_type=\"widget\" data-e-type=\"widget\" data-widget_type=\"spacer.default\">\n\t\t\t\t<div class=\"elementor-widget-container\">\n\t\t\t\t\t\t\t<div class=\"elementor-spacer\">\n\t\t\t<div class=\"elementor-spacer-inner\"><\/div>\n\t\t<\/div>\n\t\t\t\t\t\t<\/div>\n\t\t\t\t<\/div>\n\t\t\t\t\t<\/div>\n\t\t<\/div>\n\t\t\t\t\t<\/div>\n\t\t<\/section>\n\t\t\t\t<\/div>\n\t\t","protected":false},"excerpt":{"rendered":"<p>Entre R\u00edos ser\u00e1 sede de las Jornadas del Cluster del Pec\u00e1n 2026, con eje en la productividad del sector Se desarrollar\u00e1n del 8 al 10 de abril en la ciudad de Concordia, convocando a productores, t\u00e9cnicos, empresas e instituciones de todo el pa\u00eds, en un espacio orientado a fortalecer la productividad, la innovaci\u00f3n y el [&hellip;]<\/p>\n","protected":false},"author":1,"featured_media":0,"comment_status":"closed","ping_status":"open","sticky":false,"template":"","format":"standard","meta":{"footnotes":""},"categories":[1],"tags":[],"class_list":["post-20468","post","type-post","status-publish","format-standard","hentry","category-sin-categoria"],"yoast_head":"<!-- This site is optimized with the Yoast SEO plugin v27.5 - https:\/\/yoast.com\/product\/yoast-seo-wordpress\/ -->\n<title>Entre R\u00edos ser\u00e1 sede de las Jornadas del Cluster del Pec\u00e1n 2026, con eje en la productividad del sector - Casa de Entre Rios<\/title>\n<meta name=\"robots\" content=\"index, follow, max-snippet:-1, max-image-preview:large, max-video-preview:-1\" \/>\n<link rel=\"canonical\" href=\"https:\/\/www.casadeentrerios.gov.ar\/?p=20468\" \/>\n<meta property=\"og:locale\" content=\"es_ES\" \/>\n<meta property=\"og:type\" content=\"article\" \/>\n<meta property=\"og:title\" content=\"Entre R\u00edos ser\u00e1 sede de las Jornadas del Cluster del Pec\u00e1n 2026, con eje en la productividad del sector - Casa de Entre Rios\" \/>\n<meta property=\"og:description\" content=\"Entre R\u00edos ser\u00e1 sede de las Jornadas del Cluster del Pec\u00e1n 2026, con eje en la productividad del sector Se desarrollar\u00e1n del 8 al 10 de abril en la ciudad de Concordia, convocando a productores, t\u00e9cnicos, empresas e instituciones de todo el pa\u00eds, en un espacio orientado a fortalecer la productividad, la innovaci\u00f3n y el [&hellip;]\" \/>\n<meta property=\"og:url\" content=\"https:\/\/www.casadeentrerios.gov.ar\/?p=20468\" \/>\n<meta property=\"og:site_name\" content=\"Casa de Entre Rios\" \/>\n<meta property=\"article:published_time\" content=\"2026-04-01T19:38:06+00:00\" \/>\n<meta property=\"article:modified_time\" content=\"2026-04-02T00:31:27+00:00\" \/>\n<meta name=\"author\" content=\"admin\" \/>\n<meta name=\"twitter:card\" content=\"summary_large_image\" \/>\n<meta name=\"twitter:label1\" content=\"Escrito por\" \/>\n\t<meta name=\"twitter:data1\" content=\"admin\" \/>\n\t<meta name=\"twitter:label2\" content=\"Tiempo de lectura\" \/>\n\t<meta name=\"twitter:data2\" content=\"3 minutos\" \/>\n<script type=\"application\/ld+json\" class=\"yoast-schema-graph\">{\"@context\":\"https:\\\/\\\/schema.org\",\"@graph\":[{\"@type\":\"Article\",\"@id\":\"https:\\\/\\\/www.casadeentrerios.gov.ar\\\/?p=20468#article\",\"isPartOf\":{\"@id\":\"https:\\\/\\\/www.casadeentrerios.gov.ar\\\/?p=20468\"},\"author\":{\"name\":\"admin\",\"@id\":\"https:\\\/\\\/www.casadeentrerios.gov.ar\\\/#\\\/schema\\\/person\\\/8f711d99d59b83c941adf9e9960f36f9\"},\"headline\":\"Entre R\u00edos ser\u00e1 sede de las Jornadas del Cluster del Pec\u00e1n 2026, con eje en la productividad del sector\",\"datePublished\":\"2026-04-01T19:38:06+00:00\",\"dateModified\":\"2026-04-02T00:31:27+00:00\",\"mainEntityOfPage\":{\"@id\":\"https:\\\/\\\/www.casadeentrerios.gov.ar\\\/?p=20468\"},\"wordCount\":539,\"publisher\":{\"@id\":\"https:\\\/\\\/www.casadeentrerios.gov.ar\\\/#organization\"},\"inLanguage\":\"es\"},{\"@type\":\"WebPage\",\"@id\":\"https:\\\/\\\/www.casadeentrerios.gov.ar\\\/?p=20468\",\"url\":\"https:\\\/\\\/www.casadeentrerios.gov.ar\\\/?p=20468\",\"name\":\"Entre R\u00edos ser\u00e1 sede de las Jornadas del Cluster del Pec\u00e1n 2026, con eje en la productividad del sector - Casa de Entre Rios\",\"isPartOf\":{\"@id\":\"https:\\\/\\\/www.casadeentrerios.gov.ar\\\/#website\"},\"datePublished\":\"2026-04-01T19:38:06+00:00\",\"dateModified\":\"2026-04-02T00:31:27+00:00\",\"breadcrumb\":{\"@id\":\"https:\\\/\\\/www.casadeentrerios.gov.ar\\\/?p=20468#breadcrumb\"},\"inLanguage\":\"es\",\"potentialAction\":[{\"@type\":\"ReadAction\",\"target\":[\"https:\\\/\\\/www.casadeentrerios.gov.ar\\\/?p=20468\"]}]},{\"@type\":\"BreadcrumbList\",\"@id\":\"https:\\\/\\\/www.casadeentrerios.gov.ar\\\/?p=20468#breadcrumb\",\"itemListElement\":[{\"@type\":\"ListItem\",\"position\":1,\"name\":\"Portada\",\"item\":\"https:\\\/\\\/www.casadeentrerios.gov.ar\\\/\"},{\"@type\":\"ListItem\",\"position\":2,\"name\":\"Entre R\u00edos ser\u00e1 sede de las Jornadas del Cluster del Pec\u00e1n 2026, con eje en la productividad del sector\"}]},{\"@type\":\"WebSite\",\"@id\":\"https:\\\/\\\/www.casadeentrerios.gov.ar\\\/#website\",\"url\":\"https:\\\/\\\/www.casadeentrerios.gov.ar\\\/\",\"name\":\"Casa de Entre Rios\",\"description\":\"Representaci\u00f3n del Gobierno de Entre Rios en CABA\",\"publisher\":{\"@id\":\"https:\\\/\\\/www.casadeentrerios.gov.ar\\\/#organization\"},\"potentialAction\":[{\"@type\":\"SearchAction\",\"target\":{\"@type\":\"EntryPoint\",\"urlTemplate\":\"https:\\\/\\\/www.casadeentrerios.gov.ar\\\/?s={search_term_string}\"},\"query-input\":{\"@type\":\"PropertyValueSpecification\",\"valueRequired\":true,\"valueName\":\"search_term_string\"}}],\"inLanguage\":\"es\"},{\"@type\":\"Organization\",\"@id\":\"https:\\\/\\\/www.casadeentrerios.gov.ar\\\/#organization\",\"name\":\"Casa de Entre Rios\",\"url\":\"https:\\\/\\\/www.casadeentrerios.gov.ar\\\/\",\"logo\":{\"@type\":\"ImageObject\",\"inLanguage\":\"es\",\"@id\":\"https:\\\/\\\/www.casadeentrerios.gov.ar\\\/#\\\/schema\\\/logo\\\/image\\\/\",\"url\":\"https:\\\/\\\/www.casadeentrerios.gov.ar\\\/wp-content\\\/uploads\\\/2021\\\/07\\\/img_cer_1.png\",\"contentUrl\":\"https:\\\/\\\/www.casadeentrerios.gov.ar\\\/wp-content\\\/uploads\\\/2021\\\/07\\\/img_cer_1.png\",\"width\":416,\"height\":87,\"caption\":\"Casa de Entre Rios\"},\"image\":{\"@id\":\"https:\\\/\\\/www.casadeentrerios.gov.ar\\\/#\\\/schema\\\/logo\\\/image\\\/\"}},{\"@type\":\"Person\",\"@id\":\"https:\\\/\\\/www.casadeentrerios.gov.ar\\\/#\\\/schema\\\/person\\\/8f711d99d59b83c941adf9e9960f36f9\",\"name\":\"admin\",\"image\":{\"@type\":\"ImageObject\",\"inLanguage\":\"es\",\"@id\":\"https:\\\/\\\/secure.gravatar.com\\\/avatar\\\/83952e3d8f2dd8e4585599a06f137e4070a13a122750ff987dc72294da83e569?s=96&d=mm&r=g\",\"url\":\"https:\\\/\\\/secure.gravatar.com\\\/avatar\\\/83952e3d8f2dd8e4585599a06f137e4070a13a122750ff987dc72294da83e569?s=96&d=mm&r=g\",\"contentUrl\":\"https:\\\/\\\/secure.gravatar.com\\\/avatar\\\/83952e3d8f2dd8e4585599a06f137e4070a13a122750ff987dc72294da83e569?s=96&d=mm&r=g\",\"caption\":\"admin\"},\"sameAs\":[\"http:\\\/\\\/www.casadeentrerios.gov.ar\"],\"url\":\"https:\\\/\\\/www.casadeentrerios.gov.ar\\\/?author=1\"}]}<\/script>\n<!-- \/ Yoast SEO plugin. -->","yoast_head_json":{"title":"Entre R\u00edos ser\u00e1 sede de las Jornadas del Cluster del Pec\u00e1n 2026, con eje en la productividad del sector - Casa de Entre Rios","robots":{"index":"index","follow":"follow","max-snippet":"max-snippet:-1","max-image-preview":"max-image-preview:large","max-video-preview":"max-video-preview:-1"},"canonical":"https:\/\/www.casadeentrerios.gov.ar\/?p=20468","og_locale":"es_ES","og_type":"article","og_title":"Entre R\u00edos ser\u00e1 sede de las Jornadas del Cluster del Pec\u00e1n 2026, con eje en la productividad del sector - Casa de Entre Rios","og_description":"Entre R\u00edos ser\u00e1 sede de las Jornadas del Cluster del Pec\u00e1n 2026, con eje en la productividad del sector Se desarrollar\u00e1n del 8 al 10 de abril en la ciudad de Concordia, convocando a productores, t\u00e9cnicos, empresas e instituciones de todo el pa\u00eds, en un espacio orientado a fortalecer la productividad, la innovaci\u00f3n y el [&hellip;]","og_url":"https:\/\/www.casadeentrerios.gov.ar\/?p=20468","og_site_name":"Casa de Entre Rios","article_published_time":"2026-04-01T19:38:06+00:00","article_modified_time":"2026-04-02T00:31:27+00:00","author":"admin","twitter_card":"summary_large_image","twitter_misc":{"Escrito por":"admin","Tiempo de lectura":"3 minutos"},"schema":{"@context":"https:\/\/schema.org","@graph":[{"@type":"Article","@id":"https:\/\/www.casadeentrerios.gov.ar\/?p=20468#article","isPartOf":{"@id":"https:\/\/www.casadeentrerios.gov.ar\/?p=20468"},"author":{"name":"admin","@id":"https:\/\/www.casadeentrerios.gov.ar\/#\/schema\/person\/8f711d99d59b83c941adf9e9960f36f9"},"headline":"Entre R\u00edos ser\u00e1 sede de las Jornadas del Cluster del Pec\u00e1n 2026, con eje en la productividad del sector","datePublished":"2026-04-01T19:38:06+00:00","dateModified":"2026-04-02T00:31:27+00:00","mainEntityOfPage":{"@id":"https:\/\/www.casadeentrerios.gov.ar\/?p=20468"},"wordCount":539,"publisher":{"@id":"https:\/\/www.casadeentrerios.gov.ar\/#organization"},"inLanguage":"es"},{"@type":"WebPage","@id":"https:\/\/www.casadeentrerios.gov.ar\/?p=20468","url":"https:\/\/www.casadeentrerios.gov.ar\/?p=20468","name":"Entre R\u00edos ser\u00e1 sede de las Jornadas del Cluster del Pec\u00e1n 2026, con eje en la productividad del sector - Casa de Entre Rios","isPartOf":{"@id":"https:\/\/www.casadeentrerios.gov.ar\/#website"},"datePublished":"2026-04-01T19:38:06+00:00","dateModified":"2026-04-02T00:31:27+00:00","breadcrumb":{"@id":"https:\/\/www.casadeentrerios.gov.ar\/?p=20468#breadcrumb"},"inLanguage":"es","potentialAction":[{"@type":"ReadAction","target":["https:\/\/www.casadeentrerios.gov.ar\/?p=20468"]}]},{"@type":"BreadcrumbList","@id":"https:\/\/www.casadeentrerios.gov.ar\/?p=20468#breadcrumb","itemListElement":[{"@type":"ListItem","position":1,"name":"Portada","item":"https:\/\/www.casadeentrerios.gov.ar\/"},{"@type":"ListItem","position":2,"name":"Entre R\u00edos ser\u00e1 sede de las Jornadas del Cluster del Pec\u00e1n 2026, con eje en la productividad del sector"}]},{"@type":"WebSite","@id":"https:\/\/www.casadeentrerios.gov.ar\/#website","url":"https:\/\/www.casadeentrerios.gov.ar\/","name":"Casa de Entre Rios","description":"Representaci\u00f3n del Gobierno de Entre Rios en CABA","publisher":{"@id":"https:\/\/www.casadeentrerios.gov.ar\/#organization"},"potentialAction":[{"@type":"SearchAction","target":{"@type":"EntryPoint","urlTemplate":"https:\/\/www.casadeentrerios.gov.ar\/?s={search_term_string}"},"query-input":{"@type":"PropertyValueSpecification","valueRequired":true,"valueName":"search_term_string"}}],"inLanguage":"es"},{"@type":"Organization","@id":"https:\/\/www.casadeentrerios.gov.ar\/#organization","name":"Casa de Entre Rios","url":"https:\/\/www.casadeentrerios.gov.ar\/","logo":{"@type":"ImageObject","inLanguage":"es","@id":"https:\/\/www.casadeentrerios.gov.ar\/#\/schema\/logo\/image\/","url":"https:\/\/www.casadeentrerios.gov.ar\/wp-content\/uploads\/2021\/07\/img_cer_1.png","contentUrl":"https:\/\/www.casadeentrerios.gov.ar\/wp-content\/uploads\/2021\/07\/img_cer_1.png","width":416,"height":87,"caption":"Casa de Entre Rios"},"image":{"@id":"https:\/\/www.casadeentrerios.gov.ar\/#\/schema\/logo\/image\/"}},{"@type":"Person","@id":"https:\/\/www.casadeentrerios.gov.ar\/#\/schema\/person\/8f711d99d59b83c941adf9e9960f36f9","name":"admin","image":{"@type":"ImageObject","inLanguage":"es","@id":"https:\/\/secure.gravatar.com\/avatar\/83952e3d8f2dd8e4585599a06f137e4070a13a122750ff987dc72294da83e569?s=96&d=mm&r=g","url":"https:\/\/secure.gravatar.com\/avatar\/83952e3d8f2dd8e4585599a06f137e4070a13a122750ff987dc72294da83e569?s=96&d=mm&r=g","contentUrl":"https:\/\/secure.gravatar.com\/avatar\/83952e3d8f2dd8e4585599a06f137e4070a13a122750ff987dc72294da83e569?s=96&d=mm&r=g","caption":"admin"},"sameAs":["http:\/\/www.casadeentrerios.gov.ar"],"url":"https:\/\/www.casadeentrerios.gov.ar\/?author=1"}]}},"_links":{"self":[{"href":"https:\/\/www.casadeentrerios.gov.ar\/index.php?rest_route=\/wp\/v2\/posts\/20468","targetHints":{"allow":["GET"]}}],"collection":[{"href":"https:\/\/www.casadeentrerios.gov.ar\/index.php?rest_route=\/wp\/v2\/posts"}],"about":[{"href":"https:\/\/www.casadeentrerios.gov.ar\/index.php?rest_route=\/wp\/v2\/types\/post"}],"author":[{"embeddable":true,"href":"https:\/\/www.casadeentrerios.gov.ar\/index.php?rest_route=\/wp\/v2\/users\/1"}],"replies":[{"embeddable":true,"href":"https:\/\/www.casadeentrerios.gov.ar\/index.php?rest_route=%2Fwp%2Fv2%2Fcomments&post=20468"}],"version-history":[{"count":37,"href":"https:\/\/www.casadeentrerios.gov.ar\/index.php?rest_route=\/wp\/v2\/posts\/20468\/revisions"}],"predecessor-version":[{"id":20507,"href":"https:\/\/www.casadeentrerios.gov.ar\/index.php?rest_route=\/wp\/v2\/posts\/20468\/revisions\/20507"}],"wp:attachment":[{"href":"https:\/\/www.casadeentrerios.gov.ar\/index.php?rest_route=%2Fwp%2Fv2%2Fmedia&parent=20468"}],"wp:term":[{"taxonomy":"category","embeddable":true,"href":"https:\/\/www.casadeentrerios.gov.ar\/index.php?rest_route=%2Fwp%2Fv2%2Fcategories&post=20468"},{"taxonomy":"post_tag","embeddable":true,"href":"https:\/\/www.casadeentrerios.gov.ar\/index.php?rest_route=%2Fwp%2Fv2%2Ftags&post=20468"}],"curies":[{"name":"wp","href":"https:\/\/api.w.org\/{rel}","templated":true}]}}