{"id":21731,"date":"2026-04-23T18:38:48","date_gmt":"2026-04-23T18:38:48","guid":{"rendered":"https:\/\/www.casadeentrerios.gov.ar\/?p=21731"},"modified":"2026-04-23T19:23:59","modified_gmt":"2026-04-23T19:23:59","slug":"arranca-la-feria-del-libro-selva-almada-abre-la-edicion-y-entre-rios-despliega-su-propuesta-literaria","status":"publish","type":"post","link":"https:\/\/www.casadeentrerios.gov.ar\/?p=21731","title":{"rendered":"Arranca la Feria del Libro: Selva Almada abre la edici\u00f3n y Entre R\u00edos despliega su propuesta literaria"},"content":{"rendered":"\t\t<div data-elementor-type=\"wp-post\" data-elementor-id=\"21731\" class=\"elementor elementor-21731\" data-elementor-post-type=\"post\">\n\t\t\t\t\t\t<section class=\"elementor-section elementor-top-section elementor-element elementor-element-138c3ac elementor-section-boxed elementor-section-height-default elementor-section-height-default\" data-id=\"138c3ac\" data-element_type=\"section\" data-e-type=\"section\">\n\t\t\t\t\t\t<div class=\"elementor-container elementor-column-gap-default\">\n\t\t\t\t\t<div class=\"elementor-column elementor-col-100 elementor-top-column elementor-element elementor-element-51581f5\" data-id=\"51581f5\" data-element_type=\"column\" data-e-type=\"column\">\n\t\t\t<div class=\"elementor-widget-wrap elementor-element-populated\">\n\t\t\t\t\t\t<div class=\"elementor-element elementor-element-b755643 elementor-widget elementor-widget-spacer\" data-id=\"b755643\" data-element_type=\"widget\" data-e-type=\"widget\" data-widget_type=\"spacer.default\">\n\t\t\t\t<div class=\"elementor-widget-container\">\n\t\t\t\t\t\t\t<div class=\"elementor-spacer\">\n\t\t\t<div class=\"elementor-spacer-inner\"><\/div>\n\t\t<\/div>\n\t\t\t\t\t\t<\/div>\n\t\t\t\t<\/div>\n\t\t\t\t\t<\/div>\n\t\t<\/div>\n\t\t\t\t\t<\/div>\n\t\t<\/section>\n\t\t\t\t<section class=\"elementor-section elementor-top-section elementor-element elementor-element-65c1ff71 elementor-section-boxed elementor-section-height-default elementor-section-height-default\" data-id=\"65c1ff71\" data-element_type=\"section\" data-e-type=\"section\">\n\t\t\t\t\t\t<div class=\"elementor-container elementor-column-gap-default\">\n\t\t\t\t\t<div class=\"elementor-column elementor-col-100 elementor-top-column elementor-element elementor-element-6f52f79a\" data-id=\"6f52f79a\" data-element_type=\"column\" data-e-type=\"column\">\n\t\t\t<div class=\"elementor-widget-wrap elementor-element-populated\">\n\t\t\t\t\t\t<div class=\"elementor-element elementor-element-3d83731a elementor-widget elementor-widget-heading\" data-id=\"3d83731a\" data-element_type=\"widget\" data-e-type=\"widget\" data-widget_type=\"heading.default\">\n\t\t\t\t<div class=\"elementor-widget-container\">\n\t\t\t\t\t<h2 class=\"elementor-heading-title elementor-size-default\">Arranca la Feria del Libro: Selva Almada abre la edici\u00f3n y Entre R\u00edos despliega su propuesta literaria<\/h2>\t\t\t\t<\/div>\n\t\t\t\t<\/div>\n\t\t\t\t\t<\/div>\n\t\t<\/div>\n\t\t\t\t\t<\/div>\n\t\t<\/section>\n\t\t\t\t<section class=\"elementor-section elementor-top-section elementor-element elementor-element-66467c86 elementor-section-boxed elementor-section-height-default elementor-section-height-default\" data-id=\"66467c86\" data-element_type=\"section\" data-e-type=\"section\">\n\t\t\t\t\t\t<div class=\"elementor-container elementor-column-gap-default\">\n\t\t\t\t\t<div class=\"elementor-column elementor-col-100 elementor-top-column elementor-element elementor-element-70df4d00\" data-id=\"70df4d00\" data-element_type=\"column\" data-e-type=\"column\">\n\t\t\t<div class=\"elementor-widget-wrap elementor-element-populated\">\n\t\t\t\t\t\t<div class=\"elementor-element elementor-element-10f4bef8 elementor-widget elementor-widget-text-editor\" data-id=\"10f4bef8\" data-element_type=\"widget\" data-e-type=\"widget\" data-widget_type=\"text-editor.default\">\n\t\t\t\t<div class=\"elementor-widget-container\">\n\t\t\t\t\t\t\t\t\t<p>La Feria Internacional del Libro de Buenos Aires inicia su <strong data-start=\"386\" data-end=\"401\">50\u00b0 edici\u00f3n<\/strong>, un hito que reafirma su lugar como uno de los eventos culturales m\u00e1s importantes de la regi\u00f3n. En ese comienzo que marca la agenda cultural del pa\u00eds, una voz entrerriana ocupa un lugar central: Selva Almada ser\u00e1 una de las protagonistas de la apertura. Su participaci\u00f3n en la conversaci\u00f3n inaugural \u2014junto a Gabriela Cabez\u00f3n C\u00e1mara y Leila Guerriero\u2014 no solo destaca su trayectoria, sino que posiciona a Entre R\u00edos en el centro de una de las escenas m\u00e1s relevantes de la literatura contempor\u00e1nea.<\/p>\t\t\t\t\t\t\t\t<\/div>\n\t\t\t\t<\/div>\n\t\t\t\t\t<\/div>\n\t\t<\/div>\n\t\t\t\t\t<\/div>\n\t\t<\/section>\n\t\t\t\t<section class=\"elementor-section elementor-top-section elementor-element elementor-element-4235cd6c elementor-section-boxed elementor-section-height-default elementor-section-height-default\" data-id=\"4235cd6c\" data-element_type=\"section\" data-e-type=\"section\">\n\t\t\t\t\t\t<div class=\"elementor-container elementor-column-gap-default\">\n\t\t\t\t\t<div class=\"elementor-column elementor-col-66 elementor-top-column elementor-element elementor-element-323e90c0\" data-id=\"323e90c0\" data-element_type=\"column\" data-e-type=\"column\">\n\t\t\t<div class=\"elementor-widget-wrap elementor-element-populated\">\n\t\t\t\t\t\t<div class=\"elementor-element elementor-element-1304ffed elementor-widget elementor-widget-text-editor\" data-id=\"1304ffed\" data-element_type=\"widget\" data-e-type=\"widget\" data-widget_type=\"text-editor.default\">\n\t\t\t\t<div class=\"elementor-widget-container\">\n\t\t\t\t\t\t\t\t\t<p><strong>Suscribite al newsletter de Casa de Entre Rios &gt;<span style=\"color: #008000;\">\u00a0<a style=\"color: #008000;\" href=\"https:\/\/www.casadeentrerios.gov.ar\/?page_id=2808\" target=\"_blank\" rel=\"noopener\">REGISTRATE<\/a><\/span><\/strong><\/p>\t\t\t\t\t\t\t\t<\/div>\n\t\t\t\t<\/div>\n\t\t\t\t<div class=\"elementor-element elementor-element-346e0e09 elementor-widget elementor-widget-text-editor\" data-id=\"346e0e09\" data-element_type=\"widget\" data-e-type=\"widget\" data-widget_type=\"text-editor.default\">\n\t\t\t\t<div class=\"elementor-widget-container\">\n\t\t\t\t\t\t\t\t\t<p data-start=\"638\" data-end=\"1064\">Nacida en Villa Elisa, Entre R\u00edos, Almada se consolid\u00f3 como una de las autoras m\u00e1s reconocidas del pa\u00eds. Con obras como <em data-start=\"758\" data-end=\"780\">El viento que arrasa<\/em>, <em data-start=\"782\" data-end=\"795\">Ladrilleros<\/em> y <em data-start=\"798\" data-end=\"814\">Chicas muertas<\/em>, su escritura construye una narrativa donde lo rural, lo social y lo \u00edntimo se entrelazan con una identidad profundamente ligada al territorio. Su presencia en la apertura refuerza la proyecci\u00f3n nacional e internacional de la literatura entrerriana.<\/p><p data-start=\"1066\" data-end=\"1405\">En esta edici\u00f3n, la organizaci\u00f3n de la Feria decidi\u00f3 reemplazar el tradicional discurso inaugural \u2014hist\u00f3ricamente a cargo de un \u00fanico orador\u2014 por una conversaci\u00f3n entre tres escritoras. El encuentro se realizar\u00e1 el 23 de abril a las 18hs y propone abrir el intercambio, sumar miradas diversas y generar un v\u00ednculo m\u00e1s directo con el p\u00fablico.<\/p><p data-start=\"1407\" data-end=\"1879\">En ese marco, Entre R\u00edos vuelve a decir presente con una propuesta amplia y federal. El stand institucional, ubicado en el Pabell\u00f3n Ocre N\u00b03017, reunir\u00e1 a m\u00e1s de 30 autores y 20 editoriales de la provincia, que durante toda la Feria ofrecer\u00e1n presentaciones, lecturas y encuentros con el p\u00fablico.\u00a0<\/p><p data-start=\"1881\" data-end=\"2281\">La programaci\u00f3n del stand, conformada a partir de una convocatoria abierta, refleja la diversidad de voces que integran la escena literaria provincial. Adem\u00e1s, el tradicional D\u00eda de Entre R\u00edos se celebrar\u00e1 el 6 de mayo a las 20.30 en la Sala Julio Cort\u00e1zar, con la presentaci\u00f3n de <em data-start=\"2162\" data-end=\"2184\">Horizonte de sucesos<\/em>, de Mariana Bolz\u00e1n \u2014ganadora del Premio Fray Mocho\u2014, y <em data-start=\"2240\" data-end=\"2261\">Perros de la lluvia<\/em>, de Ricardo Romero.<\/p><p data-start=\"2283\" data-end=\"2555\" data-is-last-node=\"\" data-is-only-node=\"\">Con su participaci\u00f3n en la Feria Internacional del Libro, Entre R\u00edos consolida su lugar como productor de cultura y conocimiento, proyectando su identidad a trav\u00e9s de la literatura y fortaleciendo su presencia en uno de los eventos culturales m\u00e1s importantes de la regi\u00f3n.<\/p>\t\t\t\t\t\t\t\t<\/div>\n\t\t\t\t<\/div>\n\t\t\t\t<div class=\"elementor-element elementor-element-3375213c elementor-widget elementor-widget-text-editor\" data-id=\"3375213c\" data-element_type=\"widget\" data-e-type=\"widget\" data-widget_type=\"text-editor.default\">\n\t\t\t\t<div class=\"elementor-widget-container\">\n\t\t\t\t\t\t\t\t\t<p><span style=\"color: var( --e-global-color-dea41e4 ); font-size: var( --e-global-typography-b2ce6af-font-size ); letter-spacing: var( --e-global-typography-b2ce6af-letter-spacing ); word-spacing: var( --e-global-typography-b2ce6af-word-spacing );\">&#8211;<\/span><\/p><p><strong>Equipo de Prensa<\/strong><\/p><p>Representaci\u00f3n Gob. de Entre R\u00edos -CABA-<\/p><p>comunicacion@casadeentrerios.gov.ar<\/p>\t\t\t\t\t\t\t\t<\/div>\n\t\t\t\t<\/div>\n\t\t\t\t<div class=\"elementor-element elementor-element-241905b0 elementor-widget elementor-widget-text-editor\" data-id=\"241905b0\" data-element_type=\"widget\" data-e-type=\"widget\" data-widget_type=\"text-editor.default\">\n\t\t\t\t<div class=\"elementor-widget-container\">\n\t\t\t\t\t\t\t\t\t<p><strong style=\"color: var( --e-global-color-dea41e4 ); letter-spacing: var( --e-global-typography-b2ce6af-letter-spacing ); word-spacing: var( --e-global-typography-b2ce6af-word-spacing );\">Suscribite al newsletter de Casa de Entre Rios &gt;<span style=\"color: #008000;\">\u00a0<a style=\"color: #008000;\" href=\"https:\/\/www.casadeentrerios.gov.ar\/?page_id=2808\" target=\"_blank\" rel=\"noopener\">REGISTRATE<\/a><\/span><\/strong><\/p>\t\t\t\t\t\t\t\t<\/div>\n\t\t\t\t<\/div>\n\t\t\t\t\t<\/div>\n\t\t<\/div>\n\t\t\t\t<div class=\"elementor-column elementor-col-33 elementor-top-column elementor-element elementor-element-641d43a\" data-id=\"641d43a\" data-element_type=\"column\" data-e-type=\"column\">\n\t\t\t<div class=\"elementor-widget-wrap\">\n\t\t\t\t\t\t\t<\/div>\n\t\t<\/div>\n\t\t\t\t\t<\/div>\n\t\t<\/section>\n\t\t\t\t<section class=\"elementor-section elementor-top-section elementor-element elementor-element-96f0f68 elementor-section-boxed elementor-section-height-default elementor-section-height-default\" data-id=\"96f0f68\" data-element_type=\"section\" data-e-type=\"section\">\n\t\t\t\t\t\t<div class=\"elementor-container elementor-column-gap-default\">\n\t\t\t\t\t<div class=\"elementor-column elementor-col-100 elementor-top-column elementor-element elementor-element-0c2b540\" data-id=\"0c2b540\" data-element_type=\"column\" data-e-type=\"column\">\n\t\t\t<div class=\"elementor-widget-wrap elementor-element-populated\">\n\t\t\t\t\t\t<div class=\"elementor-element elementor-element-bfbe62a elementor-widget elementor-widget-spacer\" data-id=\"bfbe62a\" data-element_type=\"widget\" data-e-type=\"widget\" data-widget_type=\"spacer.default\">\n\t\t\t\t<div class=\"elementor-widget-container\">\n\t\t\t\t\t\t\t<div class=\"elementor-spacer\">\n\t\t\t<div class=\"elementor-spacer-inner\"><\/div>\n\t\t<\/div>\n\t\t\t\t\t\t<\/div>\n\t\t\t\t<\/div>\n\t\t\t\t\t<\/div>\n\t\t<\/div>\n\t\t\t\t\t<\/div>\n\t\t<\/section>\n\t\t\t\t<\/div>\n\t\t","protected":false},"excerpt":{"rendered":"<p>Arranca la Feria del Libro: Selva Almada abre la edici\u00f3n y Entre R\u00edos despliega su propuesta literaria La Feria Internacional del Libro de Buenos Aires inicia su 50\u00b0 edici\u00f3n, un hito que reafirma su lugar como uno de los eventos culturales m\u00e1s importantes de la regi\u00f3n. En ese comienzo que marca la agenda cultural del [&hellip;]<\/p>\n","protected":false},"author":1,"featured_media":21745,"comment_status":"closed","ping_status":"open","sticky":false,"template":"","format":"standard","meta":{"footnotes":""},"categories":[1],"tags":[],"class_list":["post-21731","post","type-post","status-publish","format-standard","has-post-thumbnail","hentry","category-sin-categoria"],"yoast_head":"<!-- This site is optimized with the Yoast SEO plugin v27.5 - https:\/\/yoast.com\/product\/yoast-seo-wordpress\/ -->\n<title>Arranca la Feria del Libro: Selva Almada abre la edici\u00f3n y Entre R\u00edos despliega su propuesta literaria - Casa de Entre Rios<\/title>\n<meta name=\"robots\" content=\"index, follow, max-snippet:-1, max-image-preview:large, max-video-preview:-1\" \/>\n<link rel=\"canonical\" href=\"https:\/\/www.casadeentrerios.gov.ar\/?p=21731\" \/>\n<meta property=\"og:locale\" content=\"es_ES\" \/>\n<meta property=\"og:type\" content=\"article\" \/>\n<meta property=\"og:title\" content=\"Arranca la Feria del Libro: Selva Almada abre la edici\u00f3n y Entre R\u00edos despliega su propuesta literaria - Casa de Entre Rios\" \/>\n<meta property=\"og:description\" content=\"Arranca la Feria del Libro: Selva Almada abre la edici\u00f3n y Entre R\u00edos despliega su propuesta literaria La Feria Internacional del Libro de Buenos Aires inicia su 50\u00b0 edici\u00f3n, un hito que reafirma su lugar como uno de los eventos culturales m\u00e1s importantes de la regi\u00f3n. En ese comienzo que marca la agenda cultural del [&hellip;]\" \/>\n<meta property=\"og:url\" content=\"https:\/\/www.casadeentrerios.gov.ar\/?p=21731\" \/>\n<meta property=\"og:site_name\" content=\"Casa de Entre Rios\" \/>\n<meta property=\"article:published_time\" content=\"2026-04-23T18:38:48+00:00\" \/>\n<meta property=\"article:modified_time\" content=\"2026-04-23T19:23:59+00:00\" \/>\n<meta property=\"og:image\" content=\"https:\/\/www.casadeentrerios.gov.ar\/wp-content\/uploads\/2026\/04\/imagen_convertida.jpg\" \/>\n\t<meta property=\"og:image:width\" content=\"992\" \/>\n\t<meta property=\"og:image:height\" content=\"661\" \/>\n\t<meta property=\"og:image:type\" content=\"image\/jpeg\" \/>\n<meta name=\"author\" content=\"admin\" \/>\n<meta name=\"twitter:card\" content=\"summary_large_image\" \/>\n<meta name=\"twitter:label1\" content=\"Escrito por\" \/>\n\t<meta name=\"twitter:data1\" content=\"admin\" \/>\n\t<meta name=\"twitter:label2\" content=\"Tiempo de lectura\" \/>\n\t<meta name=\"twitter:data2\" content=\"2 minutos\" \/>\n<script type=\"application\/ld+json\" class=\"yoast-schema-graph\">{\"@context\":\"https:\\\/\\\/schema.org\",\"@graph\":[{\"@type\":\"Article\",\"@id\":\"https:\\\/\\\/www.casadeentrerios.gov.ar\\\/?p=21731#article\",\"isPartOf\":{\"@id\":\"https:\\\/\\\/www.casadeentrerios.gov.ar\\\/?p=21731\"},\"author\":{\"name\":\"admin\",\"@id\":\"https:\\\/\\\/www.casadeentrerios.gov.ar\\\/#\\\/schema\\\/person\\\/8f711d99d59b83c941adf9e9960f36f9\"},\"headline\":\"Arranca la Feria del Libro: Selva Almada abre la edici\u00f3n y Entre R\u00edos despliega su propuesta literaria\",\"datePublished\":\"2026-04-23T18:38:48+00:00\",\"dateModified\":\"2026-04-23T19:23:59+00:00\",\"mainEntityOfPage\":{\"@id\":\"https:\\\/\\\/www.casadeentrerios.gov.ar\\\/?p=21731\"},\"wordCount\":481,\"publisher\":{\"@id\":\"https:\\\/\\\/www.casadeentrerios.gov.ar\\\/#organization\"},\"image\":{\"@id\":\"https:\\\/\\\/www.casadeentrerios.gov.ar\\\/?p=21731#primaryimage\"},\"thumbnailUrl\":\"https:\\\/\\\/www.casadeentrerios.gov.ar\\\/wp-content\\\/uploads\\\/2026\\\/04\\\/imagen_convertida.jpg\",\"inLanguage\":\"es\"},{\"@type\":\"WebPage\",\"@id\":\"https:\\\/\\\/www.casadeentrerios.gov.ar\\\/?p=21731\",\"url\":\"https:\\\/\\\/www.casadeentrerios.gov.ar\\\/?p=21731\",\"name\":\"Arranca la Feria del Libro: Selva Almada abre la edici\u00f3n y Entre R\u00edos despliega su propuesta literaria - Casa de Entre Rios\",\"isPartOf\":{\"@id\":\"https:\\\/\\\/www.casadeentrerios.gov.ar\\\/#website\"},\"primaryImageOfPage\":{\"@id\":\"https:\\\/\\\/www.casadeentrerios.gov.ar\\\/?p=21731#primaryimage\"},\"image\":{\"@id\":\"https:\\\/\\\/www.casadeentrerios.gov.ar\\\/?p=21731#primaryimage\"},\"thumbnailUrl\":\"https:\\\/\\\/www.casadeentrerios.gov.ar\\\/wp-content\\\/uploads\\\/2026\\\/04\\\/imagen_convertida.jpg\",\"datePublished\":\"2026-04-23T18:38:48+00:00\",\"dateModified\":\"2026-04-23T19:23:59+00:00\",\"breadcrumb\":{\"@id\":\"https:\\\/\\\/www.casadeentrerios.gov.ar\\\/?p=21731#breadcrumb\"},\"inLanguage\":\"es\",\"potentialAction\":[{\"@type\":\"ReadAction\",\"target\":[\"https:\\\/\\\/www.casadeentrerios.gov.ar\\\/?p=21731\"]}]},{\"@type\":\"ImageObject\",\"inLanguage\":\"es\",\"@id\":\"https:\\\/\\\/www.casadeentrerios.gov.ar\\\/?p=21731#primaryimage\",\"url\":\"https:\\\/\\\/www.casadeentrerios.gov.ar\\\/wp-content\\\/uploads\\\/2026\\\/04\\\/imagen_convertida.jpg\",\"contentUrl\":\"https:\\\/\\\/www.casadeentrerios.gov.ar\\\/wp-content\\\/uploads\\\/2026\\\/04\\\/imagen_convertida.jpg\",\"width\":992,\"height\":661},{\"@type\":\"BreadcrumbList\",\"@id\":\"https:\\\/\\\/www.casadeentrerios.gov.ar\\\/?p=21731#breadcrumb\",\"itemListElement\":[{\"@type\":\"ListItem\",\"position\":1,\"name\":\"Portada\",\"item\":\"https:\\\/\\\/www.casadeentrerios.gov.ar\\\/\"},{\"@type\":\"ListItem\",\"position\":2,\"name\":\"Arranca la Feria del Libro: Selva Almada abre la edici\u00f3n y Entre R\u00edos despliega su propuesta literaria\"}]},{\"@type\":\"WebSite\",\"@id\":\"https:\\\/\\\/www.casadeentrerios.gov.ar\\\/#website\",\"url\":\"https:\\\/\\\/www.casadeentrerios.gov.ar\\\/\",\"name\":\"Casa de Entre Rios\",\"description\":\"Representaci\u00f3n del Gobierno de Entre Rios en CABA\",\"publisher\":{\"@id\":\"https:\\\/\\\/www.casadeentrerios.gov.ar\\\/#organization\"},\"potentialAction\":[{\"@type\":\"SearchAction\",\"target\":{\"@type\":\"EntryPoint\",\"urlTemplate\":\"https:\\\/\\\/www.casadeentrerios.gov.ar\\\/?s={search_term_string}\"},\"query-input\":{\"@type\":\"PropertyValueSpecification\",\"valueRequired\":true,\"valueName\":\"search_term_string\"}}],\"inLanguage\":\"es\"},{\"@type\":\"Organization\",\"@id\":\"https:\\\/\\\/www.casadeentrerios.gov.ar\\\/#organization\",\"name\":\"Casa de Entre Rios\",\"url\":\"https:\\\/\\\/www.casadeentrerios.gov.ar\\\/\",\"logo\":{\"@type\":\"ImageObject\",\"inLanguage\":\"es\",\"@id\":\"https:\\\/\\\/www.casadeentrerios.gov.ar\\\/#\\\/schema\\\/logo\\\/image\\\/\",\"url\":\"https:\\\/\\\/www.casadeentrerios.gov.ar\\\/wp-content\\\/uploads\\\/2021\\\/07\\\/img_cer_1.png\",\"contentUrl\":\"https:\\\/\\\/www.casadeentrerios.gov.ar\\\/wp-content\\\/uploads\\\/2021\\\/07\\\/img_cer_1.png\",\"width\":416,\"height\":87,\"caption\":\"Casa de Entre Rios\"},\"image\":{\"@id\":\"https:\\\/\\\/www.casadeentrerios.gov.ar\\\/#\\\/schema\\\/logo\\\/image\\\/\"}},{\"@type\":\"Person\",\"@id\":\"https:\\\/\\\/www.casadeentrerios.gov.ar\\\/#\\\/schema\\\/person\\\/8f711d99d59b83c941adf9e9960f36f9\",\"name\":\"admin\",\"image\":{\"@type\":\"ImageObject\",\"inLanguage\":\"es\",\"@id\":\"https:\\\/\\\/secure.gravatar.com\\\/avatar\\\/83952e3d8f2dd8e4585599a06f137e4070a13a122750ff987dc72294da83e569?s=96&d=mm&r=g\",\"url\":\"https:\\\/\\\/secure.gravatar.com\\\/avatar\\\/83952e3d8f2dd8e4585599a06f137e4070a13a122750ff987dc72294da83e569?s=96&d=mm&r=g\",\"contentUrl\":\"https:\\\/\\\/secure.gravatar.com\\\/avatar\\\/83952e3d8f2dd8e4585599a06f137e4070a13a122750ff987dc72294da83e569?s=96&d=mm&r=g\",\"caption\":\"admin\"},\"sameAs\":[\"http:\\\/\\\/www.casadeentrerios.gov.ar\"],\"url\":\"https:\\\/\\\/www.casadeentrerios.gov.ar\\\/?author=1\"}]}<\/script>\n<!-- \/ Yoast SEO plugin. -->","yoast_head_json":{"title":"Arranca la Feria del Libro: Selva Almada abre la edici\u00f3n y Entre R\u00edos despliega su propuesta literaria - Casa de Entre Rios","robots":{"index":"index","follow":"follow","max-snippet":"max-snippet:-1","max-image-preview":"max-image-preview:large","max-video-preview":"max-video-preview:-1"},"canonical":"https:\/\/www.casadeentrerios.gov.ar\/?p=21731","og_locale":"es_ES","og_type":"article","og_title":"Arranca la Feria del Libro: Selva Almada abre la edici\u00f3n y Entre R\u00edos despliega su propuesta literaria - Casa de Entre Rios","og_description":"Arranca la Feria del Libro: Selva Almada abre la edici\u00f3n y Entre R\u00edos despliega su propuesta literaria La Feria Internacional del Libro de Buenos Aires inicia su 50\u00b0 edici\u00f3n, un hito que reafirma su lugar como uno de los eventos culturales m\u00e1s importantes de la regi\u00f3n. En ese comienzo que marca la agenda cultural del [&hellip;]","og_url":"https:\/\/www.casadeentrerios.gov.ar\/?p=21731","og_site_name":"Casa de Entre Rios","article_published_time":"2026-04-23T18:38:48+00:00","article_modified_time":"2026-04-23T19:23:59+00:00","og_image":[{"width":992,"height":661,"url":"https:\/\/www.casadeentrerios.gov.ar\/wp-content\/uploads\/2026\/04\/imagen_convertida.jpg","type":"image\/jpeg"}],"author":"admin","twitter_card":"summary_large_image","twitter_misc":{"Escrito por":"admin","Tiempo de lectura":"2 minutos"},"schema":{"@context":"https:\/\/schema.org","@graph":[{"@type":"Article","@id":"https:\/\/www.casadeentrerios.gov.ar\/?p=21731#article","isPartOf":{"@id":"https:\/\/www.casadeentrerios.gov.ar\/?p=21731"},"author":{"name":"admin","@id":"https:\/\/www.casadeentrerios.gov.ar\/#\/schema\/person\/8f711d99d59b83c941adf9e9960f36f9"},"headline":"Arranca la Feria del Libro: Selva Almada abre la edici\u00f3n y Entre R\u00edos despliega su propuesta literaria","datePublished":"2026-04-23T18:38:48+00:00","dateModified":"2026-04-23T19:23:59+00:00","mainEntityOfPage":{"@id":"https:\/\/www.casadeentrerios.gov.ar\/?p=21731"},"wordCount":481,"publisher":{"@id":"https:\/\/www.casadeentrerios.gov.ar\/#organization"},"image":{"@id":"https:\/\/www.casadeentrerios.gov.ar\/?p=21731#primaryimage"},"thumbnailUrl":"https:\/\/www.casadeentrerios.gov.ar\/wp-content\/uploads\/2026\/04\/imagen_convertida.jpg","inLanguage":"es"},{"@type":"WebPage","@id":"https:\/\/www.casadeentrerios.gov.ar\/?p=21731","url":"https:\/\/www.casadeentrerios.gov.ar\/?p=21731","name":"Arranca la Feria del Libro: Selva Almada abre la edici\u00f3n y Entre R\u00edos despliega su propuesta literaria - Casa de Entre Rios","isPartOf":{"@id":"https:\/\/www.casadeentrerios.gov.ar\/#website"},"primaryImageOfPage":{"@id":"https:\/\/www.casadeentrerios.gov.ar\/?p=21731#primaryimage"},"image":{"@id":"https:\/\/www.casadeentrerios.gov.ar\/?p=21731#primaryimage"},"thumbnailUrl":"https:\/\/www.casadeentrerios.gov.ar\/wp-content\/uploads\/2026\/04\/imagen_convertida.jpg","datePublished":"2026-04-23T18:38:48+00:00","dateModified":"2026-04-23T19:23:59+00:00","breadcrumb":{"@id":"https:\/\/www.casadeentrerios.gov.ar\/?p=21731#breadcrumb"},"inLanguage":"es","potentialAction":[{"@type":"ReadAction","target":["https:\/\/www.casadeentrerios.gov.ar\/?p=21731"]}]},{"@type":"ImageObject","inLanguage":"es","@id":"https:\/\/www.casadeentrerios.gov.ar\/?p=21731#primaryimage","url":"https:\/\/www.casadeentrerios.gov.ar\/wp-content\/uploads\/2026\/04\/imagen_convertida.jpg","contentUrl":"https:\/\/www.casadeentrerios.gov.ar\/wp-content\/uploads\/2026\/04\/imagen_convertida.jpg","width":992,"height":661},{"@type":"BreadcrumbList","@id":"https:\/\/www.casadeentrerios.gov.ar\/?p=21731#breadcrumb","itemListElement":[{"@type":"ListItem","position":1,"name":"Portada","item":"https:\/\/www.casadeentrerios.gov.ar\/"},{"@type":"ListItem","position":2,"name":"Arranca la Feria del Libro: Selva Almada abre la edici\u00f3n y Entre R\u00edos despliega su propuesta literaria"}]},{"@type":"WebSite","@id":"https:\/\/www.casadeentrerios.gov.ar\/#website","url":"https:\/\/www.casadeentrerios.gov.ar\/","name":"Casa de Entre Rios","description":"Representaci\u00f3n del Gobierno de Entre Rios en CABA","publisher":{"@id":"https:\/\/www.casadeentrerios.gov.ar\/#organization"},"potentialAction":[{"@type":"SearchAction","target":{"@type":"EntryPoint","urlTemplate":"https:\/\/www.casadeentrerios.gov.ar\/?s={search_term_string}"},"query-input":{"@type":"PropertyValueSpecification","valueRequired":true,"valueName":"search_term_string"}}],"inLanguage":"es"},{"@type":"Organization","@id":"https:\/\/www.casadeentrerios.gov.ar\/#organization","name":"Casa de Entre Rios","url":"https:\/\/www.casadeentrerios.gov.ar\/","logo":{"@type":"ImageObject","inLanguage":"es","@id":"https:\/\/www.casadeentrerios.gov.ar\/#\/schema\/logo\/image\/","url":"https:\/\/www.casadeentrerios.gov.ar\/wp-content\/uploads\/2021\/07\/img_cer_1.png","contentUrl":"https:\/\/www.casadeentrerios.gov.ar\/wp-content\/uploads\/2021\/07\/img_cer_1.png","width":416,"height":87,"caption":"Casa de Entre Rios"},"image":{"@id":"https:\/\/www.casadeentrerios.gov.ar\/#\/schema\/logo\/image\/"}},{"@type":"Person","@id":"https:\/\/www.casadeentrerios.gov.ar\/#\/schema\/person\/8f711d99d59b83c941adf9e9960f36f9","name":"admin","image":{"@type":"ImageObject","inLanguage":"es","@id":"https:\/\/secure.gravatar.com\/avatar\/83952e3d8f2dd8e4585599a06f137e4070a13a122750ff987dc72294da83e569?s=96&d=mm&r=g","url":"https:\/\/secure.gravatar.com\/avatar\/83952e3d8f2dd8e4585599a06f137e4070a13a122750ff987dc72294da83e569?s=96&d=mm&r=g","contentUrl":"https:\/\/secure.gravatar.com\/avatar\/83952e3d8f2dd8e4585599a06f137e4070a13a122750ff987dc72294da83e569?s=96&d=mm&r=g","caption":"admin"},"sameAs":["http:\/\/www.casadeentrerios.gov.ar"],"url":"https:\/\/www.casadeentrerios.gov.ar\/?author=1"}]}},"_links":{"self":[{"href":"https:\/\/www.casadeentrerios.gov.ar\/index.php?rest_route=\/wp\/v2\/posts\/21731","targetHints":{"allow":["GET"]}}],"collection":[{"href":"https:\/\/www.casadeentrerios.gov.ar\/index.php?rest_route=\/wp\/v2\/posts"}],"about":[{"href":"https:\/\/www.casadeentrerios.gov.ar\/index.php?rest_route=\/wp\/v2\/types\/post"}],"author":[{"embeddable":true,"href":"https:\/\/www.casadeentrerios.gov.ar\/index.php?rest_route=\/wp\/v2\/users\/1"}],"replies":[{"embeddable":true,"href":"https:\/\/www.casadeentrerios.gov.ar\/index.php?rest_route=%2Fwp%2Fv2%2Fcomments&post=21731"}],"version-history":[{"count":22,"href":"https:\/\/www.casadeentrerios.gov.ar\/index.php?rest_route=\/wp\/v2\/posts\/21731\/revisions"}],"predecessor-version":[{"id":21761,"href":"https:\/\/www.casadeentrerios.gov.ar\/index.php?rest_route=\/wp\/v2\/posts\/21731\/revisions\/21761"}],"wp:featuredmedia":[{"embeddable":true,"href":"https:\/\/www.casadeentrerios.gov.ar\/index.php?rest_route=\/wp\/v2\/media\/21745"}],"wp:attachment":[{"href":"https:\/\/www.casadeentrerios.gov.ar\/index.php?rest_route=%2Fwp%2Fv2%2Fmedia&parent=21731"}],"wp:term":[{"taxonomy":"category","embeddable":true,"href":"https:\/\/www.casadeentrerios.gov.ar\/index.php?rest_route=%2Fwp%2Fv2%2Fcategories&post=21731"},{"taxonomy":"post_tag","embeddable":true,"href":"https:\/\/www.casadeentrerios.gov.ar\/index.php?rest_route=%2Fwp%2Fv2%2Ftags&post=21731"}],"curies":[{"name":"wp","href":"https:\/\/api.w.org\/{rel}","templated":true}]}}