{"id":21922,"date":"2026-04-24T12:42:42","date_gmt":"2026-04-24T12:42:42","guid":{"rendered":"https:\/\/www.casadeentrerios.gov.ar\/?p=21922"},"modified":"2026-04-24T21:44:39","modified_gmt":"2026-04-24T21:44:39","slug":"entre-rios-presenta-su-agenda-en-la-feria-internacional-del-libro-2026","status":"publish","type":"post","link":"https:\/\/www.casadeentrerios.gov.ar\/?p=21922","title":{"rendered":"Entre R\u00edos presenta su agenda en la Feria Internacional del Libro 2026"},"content":{"rendered":"\t\t<div data-elementor-type=\"wp-post\" data-elementor-id=\"21922\" class=\"elementor elementor-21922\" data-elementor-post-type=\"post\">\n\t\t\t\t\t\t<section class=\"elementor-section elementor-top-section elementor-element elementor-element-be3bf08 elementor-section-boxed elementor-section-height-default elementor-section-height-default\" data-id=\"be3bf08\" data-element_type=\"section\" data-e-type=\"section\">\n\t\t\t\t\t\t<div class=\"elementor-container elementor-column-gap-default\">\n\t\t\t\t\t<div class=\"elementor-column elementor-col-100 elementor-top-column elementor-element elementor-element-96c10f8\" data-id=\"96c10f8\" data-element_type=\"column\" data-e-type=\"column\">\n\t\t\t<div class=\"elementor-widget-wrap elementor-element-populated\">\n\t\t\t\t\t\t<div class=\"elementor-element elementor-element-a8a31b7 elementor-widget elementor-widget-spacer\" data-id=\"a8a31b7\" data-element_type=\"widget\" data-e-type=\"widget\" data-widget_type=\"spacer.default\">\n\t\t\t\t<div class=\"elementor-widget-container\">\n\t\t\t\t\t\t\t<div class=\"elementor-spacer\">\n\t\t\t<div class=\"elementor-spacer-inner\"><\/div>\n\t\t<\/div>\n\t\t\t\t\t\t<\/div>\n\t\t\t\t<\/div>\n\t\t\t\t\t<\/div>\n\t\t<\/div>\n\t\t\t\t\t<\/div>\n\t\t<\/section>\n\t\t\t\t<section class=\"elementor-section elementor-top-section elementor-element elementor-element-70bd09f7 elementor-section-boxed elementor-section-height-default elementor-section-height-default\" data-id=\"70bd09f7\" data-element_type=\"section\" data-e-type=\"section\">\n\t\t\t\t\t\t<div class=\"elementor-container elementor-column-gap-default\">\n\t\t\t\t\t<div class=\"elementor-column elementor-col-100 elementor-top-column elementor-element elementor-element-4db98600\" data-id=\"4db98600\" data-element_type=\"column\" data-e-type=\"column\">\n\t\t\t<div class=\"elementor-widget-wrap elementor-element-populated\">\n\t\t\t\t\t\t<div class=\"elementor-element elementor-element-72366291 elementor-widget elementor-widget-heading\" data-id=\"72366291\" data-element_type=\"widget\" data-e-type=\"widget\" data-widget_type=\"heading.default\">\n\t\t\t\t<div class=\"elementor-widget-container\">\n\t\t\t\t\t<h2 class=\"elementor-heading-title elementor-size-default\">Entre R\u00edos presenta su agenda en la Feria Internacional del Libro 2026<\/h2>\t\t\t\t<\/div>\n\t\t\t\t<\/div>\n\t\t\t\t\t<\/div>\n\t\t<\/div>\n\t\t\t\t\t<\/div>\n\t\t<\/section>\n\t\t\t\t<section class=\"elementor-section elementor-top-section elementor-element elementor-element-3bad0640 elementor-section-boxed elementor-section-height-default elementor-section-height-default\" data-id=\"3bad0640\" data-element_type=\"section\" data-e-type=\"section\">\n\t\t\t\t\t\t<div class=\"elementor-container elementor-column-gap-default\">\n\t\t\t\t\t<div class=\"elementor-column elementor-col-100 elementor-top-column elementor-element elementor-element-739e7af6\" data-id=\"739e7af6\" data-element_type=\"column\" data-e-type=\"column\">\n\t\t\t<div class=\"elementor-widget-wrap elementor-element-populated\">\n\t\t\t\t\t\t<div class=\"elementor-element elementor-element-12cf130a elementor-widget elementor-widget-text-editor\" data-id=\"12cf130a\" data-element_type=\"widget\" data-e-type=\"widget\" data-widget_type=\"text-editor.default\">\n\t\t\t\t<div class=\"elementor-widget-container\">\n\t\t\t\t\t\t\t\t\t<p data-start=\"209\" data-end=\"484\">En el marco de la 50\u00b0 Feria Internacional del Libro de Buenos Aires, la provincia de Entre R\u00edos, a trav\u00e9s de la Editorial de Entre R\u00edos y la Secretar\u00eda de Cultura, participa con una nutrida programaci\u00f3n en el Stand ER, ubicado en el Pabell\u00f3n Ocre N\u00b0 3017 del predio La Rural.<\/p>\t\t\t\t\t\t\t\t<\/div>\n\t\t\t\t<\/div>\n\t\t\t\t\t<\/div>\n\t\t<\/div>\n\t\t\t\t\t<\/div>\n\t\t<\/section>\n\t\t\t\t<section class=\"elementor-section elementor-top-section elementor-element elementor-element-7291b8e elementor-section-boxed elementor-section-height-default elementor-section-height-default\" data-id=\"7291b8e\" data-element_type=\"section\" data-e-type=\"section\">\n\t\t\t\t\t\t<div class=\"elementor-container elementor-column-gap-default\">\n\t\t\t\t\t<div class=\"elementor-column elementor-col-100 elementor-top-column elementor-element elementor-element-78b031bd\" data-id=\"78b031bd\" data-element_type=\"column\" data-e-type=\"column\">\n\t\t\t<div class=\"elementor-widget-wrap elementor-element-populated\">\n\t\t\t\t\t\t<div class=\"elementor-element elementor-element-769b907b elementor-arrows-position-outside elementor-widget elementor-widget-image-carousel\" data-id=\"769b907b\" data-element_type=\"widget\" data-e-type=\"widget\" data-settings=\"{&quot;navigation&quot;:&quot;arrows&quot;,&quot;autoplay&quot;:&quot;yes&quot;,&quot;pause_on_hover&quot;:&quot;yes&quot;,&quot;pause_on_interaction&quot;:&quot;yes&quot;,&quot;autoplay_speed&quot;:5000,&quot;infinite&quot;:&quot;yes&quot;,&quot;speed&quot;:500}\" data-widget_type=\"image-carousel.default\">\n\t\t\t\t<div class=\"elementor-widget-container\">\n\t\t\t\t\t\t\t<div class=\"elementor-image-carousel-wrapper swiper\" role=\"region\" aria-roledescription=\"carousel\" aria-label=\"Carrusel de im\u00e1genes\" dir=\"ltr\">\n\t\t\t<div class=\"elementor-image-carousel swiper-wrapper\" aria-live=\"off\">\n\t\t\t\t\t\t\t\t<div class=\"swiper-slide\" role=\"group\" aria-roledescription=\"slide\" aria-label=\"1 de 3\"><figure class=\"swiper-slide-inner\"><img decoding=\"async\" class=\"swiper-slide-image\" src=\"https:\/\/www.casadeentrerios.gov.ar\/wp-content\/uploads\/2026\/04\/img_er_2-768x480.png\" alt=\"img_er_2\" \/><\/figure><\/div><div class=\"swiper-slide\" role=\"group\" aria-roledescription=\"slide\" aria-label=\"2 de 3\"><figure class=\"swiper-slide-inner\"><img decoding=\"async\" class=\"swiper-slide-image\" src=\"https:\/\/www.casadeentrerios.gov.ar\/wp-content\/uploads\/2026\/04\/img_er_3-768x480.png\" alt=\"img_er_3\" \/><\/figure><\/div><div class=\"swiper-slide\" role=\"group\" aria-roledescription=\"slide\" aria-label=\"3 de 3\"><figure class=\"swiper-slide-inner\"><img decoding=\"async\" class=\"swiper-slide-image\" src=\"https:\/\/www.casadeentrerios.gov.ar\/wp-content\/uploads\/2026\/04\/img_er_1-768x480.png\" alt=\"img_er_1\" \/><\/figure><\/div>\t\t\t<\/div>\n\t\t\t\t\t\t\t\t\t\t\t\t<div class=\"elementor-swiper-button elementor-swiper-button-prev\" role=\"button\" tabindex=\"0\">\n\t\t\t\t\t\t<i aria-hidden=\"true\" class=\"eicon-chevron-left\"><\/i>\t\t\t\t\t<\/div>\n\t\t\t\t\t<div class=\"elementor-swiper-button elementor-swiper-button-next\" role=\"button\" tabindex=\"0\">\n\t\t\t\t\t\t<i aria-hidden=\"true\" class=\"eicon-chevron-right\"><\/i>\t\t\t\t\t<\/div>\n\t\t\t\t\n\t\t\t\t\t\t\t\t\t<\/div>\n\t\t\t\t\t\t<\/div>\n\t\t\t\t<\/div>\n\t\t\t\t\t<\/div>\n\t\t<\/div>\n\t\t\t\t\t<\/div>\n\t\t<\/section>\n\t\t\t\t<section class=\"elementor-section elementor-top-section elementor-element elementor-element-111a89a3 elementor-section-boxed elementor-section-height-default elementor-section-height-default\" data-id=\"111a89a3\" data-element_type=\"section\" data-e-type=\"section\">\n\t\t\t\t\t\t<div class=\"elementor-container elementor-column-gap-default\">\n\t\t\t\t\t<div class=\"elementor-column elementor-col-66 elementor-top-column elementor-element elementor-element-7094a999\" data-id=\"7094a999\" data-element_type=\"column\" data-e-type=\"column\">\n\t\t\t<div class=\"elementor-widget-wrap elementor-element-populated\">\n\t\t\t\t\t\t<div class=\"elementor-element elementor-element-2299d197 elementor-widget elementor-widget-text-editor\" data-id=\"2299d197\" data-element_type=\"widget\" data-e-type=\"widget\" data-widget_type=\"text-editor.default\">\n\t\t\t\t<div class=\"elementor-widget-container\">\n\t\t\t\t\t\t\t\t\t<p><strong>Suscribite al newsletter de Casa de Entre Rios &gt;<span style=\"color: #008000;\">\u00a0<a style=\"color: #008000;\" href=\"https:\/\/www.casadeentrerios.gov.ar\/?page_id=2808\" target=\"_blank\" rel=\"noopener\">REGISTRATE<\/a><\/span><\/strong><\/p>\t\t\t\t\t\t\t\t<\/div>\n\t\t\t\t<\/div>\n\t\t\t\t<div class=\"elementor-element elementor-element-49a47238 elementor-widget elementor-widget-text-editor\" data-id=\"49a47238\" data-element_type=\"widget\" data-e-type=\"widget\" data-widget_type=\"text-editor.default\">\n\t\t\t\t<div class=\"elementor-widget-container\">\n\t\t\t\t\t\t\t\t\t<p data-start=\"215\" data-end=\"374\">La programaci\u00f3n re\u00fane a representantes de la producci\u00f3n literaria entrerriana, reflejando la diversidad de miradas, g\u00e9neros y propuestas que integran el panorama cultural de la provincia.<\/p><p data-section-id=\"rf3l2w\" data-start=\"644\" data-end=\"672\"><strong>Agenda de presentaciones<\/strong><\/p><p data-section-id=\"ifqi2a\" data-start=\"674\" data-end=\"693\"><strong><span role=\"text\">23 de abril<\/span><\/strong><\/p><p data-start=\"694\" data-end=\"754\"><strong data-start=\"694\" data-end=\"703\">16 hs.<\/strong> <em data-start=\"704\" data-end=\"737\">Argentum: un viaje interestelar<\/em>, de Carol Cyril.<\/p><p data-section-id=\"itj9xx\" data-start=\"756\" data-end=\"775\"><span role=\"text\"><strong data-start=\"760\" data-end=\"775\">24 de abril<\/strong><\/span><\/p><p data-start=\"776\" data-end=\"888\"><strong data-start=\"776\" data-end=\"785\">16 hs.<\/strong> <em data-start=\"786\" data-end=\"809\">Los cuentos del profe<\/em>, de Marcelo Fabi\u00e1n Gallay.<br data-start=\"836\" data-end=\"839\" \/><strong data-start=\"839\" data-end=\"848\">18 hs.<\/strong> <em data-start=\"849\" data-end=\"870\">Camalotes en el r\u00edo<\/em>, de Nicol\u00e1s Loza.<\/p><p data-section-id=\"u2pdbo\" data-start=\"890\" data-end=\"909\"><span role=\"text\"><strong data-start=\"894\" data-end=\"909\">25 de abril<\/strong><\/span><\/p><p data-start=\"910\" data-end=\"1037\"><strong data-start=\"910\" data-end=\"919\">16 hs.<\/strong> <em data-start=\"920\" data-end=\"941\">Ejerciendo el vuelo<\/em>, de Mar\u00eda Graciela Gonz\u00e1lez.<br data-start=\"970\" data-end=\"973\" \/><strong data-start=\"973\" data-end=\"982\">18 hs.<\/strong> <em data-start=\"983\" data-end=\"1012\">La biblioteca del entablado<\/em>, de Fabiana Heidenreich.<\/p><p data-section-id=\"1mevlxz\" data-start=\"1039\" data-end=\"1058\"><span role=\"text\"><strong data-start=\"1043\" data-end=\"1058\">26 de abril<\/strong><\/span><\/p><p data-start=\"1059\" data-end=\"1200\"><strong data-start=\"1059\" data-end=\"1068\">16 h.<\/strong> <em data-start=\"1069\" data-end=\"1115\">Codex Damnatorum: el libro de los condenados<\/em>, de Jonathan Fern\u00e1ndez.<br data-start=\"1139\" data-end=\"1142\" \/><strong data-start=\"1142\" data-end=\"1151\">18 h.<\/strong> <em data-start=\"1152\" data-end=\"1171\">Lirios de p\u00e1jaros<\/em>, de Margarita Soto Frossard.<\/p><p data-section-id=\"1xo1pbq\" data-start=\"1202\" data-end=\"1221\"><span role=\"text\"><strong data-start=\"1206\" data-end=\"1221\">27 de abril<\/strong><\/span><\/p><p data-start=\"1222\" data-end=\"1354\"><strong data-start=\"1222\" data-end=\"1231\">16 hs.<\/strong> <em data-start=\"1232\" data-end=\"1275\">Cuando los \u00e1ngeles vuelan. Vidas de hogar<\/em>, de Liza Ormaechea de Jong.<br data-start=\"1303\" data-end=\"1306\" \/><strong data-start=\"1306\" data-end=\"1315\">18 hs.<\/strong> <em data-start=\"1316\" data-end=\"1337\">Los pasos de Teresa<\/em>, de In\u00e9s Ghiggi.<\/p><p data-section-id=\"ggkzzs\" data-start=\"1356\" data-end=\"1375\"><span role=\"text\"><strong data-start=\"1360\" data-end=\"1375\">29 de abril<\/strong><\/span><\/p><p data-start=\"1376\" data-end=\"1426\"><strong data-start=\"1376\" data-end=\"1385\">18 hs.<\/strong> <em data-start=\"1386\" data-end=\"1402\">Piedra angular<\/em>, de Nicol\u00e1s G. Enrique.<\/p><p data-section-id=\"bx4zio\" data-start=\"1428\" data-end=\"1447\"><span role=\"text\"><strong data-start=\"1432\" data-end=\"1447\">30 de abril<\/strong><\/span><\/p><p data-start=\"1448\" data-end=\"1565\"><strong data-start=\"1448\" data-end=\"1457\">16 hs.<\/strong> <em data-start=\"1458\" data-end=\"1478\">Caf\u00e9 con historias<\/em>, de Walbert Carrizo.<br data-start=\"1499\" data-end=\"1502\" \/><strong data-start=\"1502\" data-end=\"1511\">18 hs.<\/strong> <em data-start=\"1512\" data-end=\"1538\">Hasta aquella duna, dije<\/em>, de Mar\u00eda Gabriela Moreno.<\/p><p data-section-id=\"yy1g98\" data-start=\"1567\" data-end=\"1584\"><span role=\"text\"><strong data-start=\"1571\" data-end=\"1584\">1 de mayo<\/strong><\/span><\/p><p data-start=\"1585\" data-end=\"1724\"><strong data-start=\"1585\" data-end=\"1594\">16 h.<\/strong> <em data-start=\"1595\" data-end=\"1602\">Faena<\/em>, de Virginia Bord\u00f3n Carabajal.<br data-start=\"1633\" data-end=\"1636\" \/><strong data-start=\"1636\" data-end=\"1645\">18 h.<\/strong> <em data-start=\"1646\" data-end=\"1666\">Cuentos de Navidad<\/em> y <em data-start=\"1669\" data-end=\"1697\">A la sombra del le\u00f1o santo<\/em>, de Guillermo Enrique Dri.<\/p><p data-section-id=\"73ke33\" data-start=\"1726\" data-end=\"1743\"><span role=\"text\"><strong data-start=\"1730\" data-end=\"1743\">2 de mayo<\/strong><\/span><\/p><p data-start=\"1744\" data-end=\"1887\"><strong data-start=\"1744\" data-end=\"1753\">16 hs.<\/strong> <em data-start=\"1754\" data-end=\"1764\">Arbolada<\/em>, de Lorena Luna, y <em data-start=\"1784\" data-end=\"1802\">Desde el refugio<\/em>, de Sandra Patricia Galarza.<br data-start=\"1831\" data-end=\"1834\" \/><strong data-start=\"1834\" data-end=\"1843\">18 hs.<\/strong> <em data-start=\"1844\" data-end=\"1851\">Sof\u00eda<\/em>, de Mar\u00eda Cristina Mercedes Daneri.<\/p><p data-section-id=\"ykpixa\" data-start=\"1889\" data-end=\"1906\"><span role=\"text\"><strong data-start=\"1893\" data-end=\"1906\">3 de mayo<\/strong><\/span><\/p><p data-start=\"1907\" data-end=\"2048\"><strong data-start=\"1907\" data-end=\"1916\">16 hs.<\/strong> <em data-start=\"1917\" data-end=\"1940\">En la loma del diablo<\/em> y <em data-start=\"1943\" data-end=\"1971\">Por esa luz que me alumbra<\/em>, de Adriana Esquivel.<br data-start=\"1993\" data-end=\"1996\" \/><strong data-start=\"1996\" data-end=\"2005\">18 hs.<\/strong> <em data-start=\"2006\" data-end=\"2021\">D\u00e9jame volver<\/em>, de Mar\u00eda Cristina Zapata.<\/p><p data-section-id=\"u676q1\" data-start=\"2050\" data-end=\"2067\"><span role=\"text\"><strong data-start=\"2054\" data-end=\"2067\">4 de mayo<\/strong><\/span><\/p><p data-start=\"2068\" data-end=\"2198\"><strong data-start=\"2068\" data-end=\"2077\">16 h.<\/strong> <em data-start=\"2078\" data-end=\"2131\">Montiel. La biograf\u00eda de un caudillo amado y odiado<\/em>, de Antonio Tardelli.<br data-start=\"2153\" data-end=\"2156\" \/><strong data-start=\"2156\" data-end=\"2165\">18 h.<\/strong> <em data-start=\"2166\" data-end=\"2177\">El cohete<\/em>, de Gerardo Alfieri.<\/p><p data-section-id=\"1gfrkw8\" data-start=\"2200\" data-end=\"2217\"><span role=\"text\"><strong data-start=\"2204\" data-end=\"2217\">5 de mayo<\/strong><\/span><\/p><p data-start=\"2218\" data-end=\"2346\"><strong data-start=\"2218\" data-end=\"2227\">16 hs.<\/strong> <em data-start=\"2228\" data-end=\"2242\">Lo que vimos<\/em>, de Fernando Belottini.<br data-start=\"2266\" data-end=\"2269\" \/><strong data-start=\"2269\" data-end=\"2278\">18 hs.<\/strong> <em data-start=\"2279\" data-end=\"2321\">Cien a\u00f1os de fe, educaci\u00f3n y solidaridad<\/em>, de Daniel \u00c1ngel Roch\u00e1s.<\/p><p data-section-id=\"156vmz9\" data-start=\"2353\" data-end=\"2390\"><span role=\"text\"><strong data-start=\"2357\" data-end=\"2390\">6 de mayo | D\u00eda de Entre R\u00edos<\/strong><\/span><\/p><p data-start=\"2392\" data-end=\"2692\">El tradicional <strong data-start=\"2407\" data-end=\"2428\">D\u00eda de Entre R\u00edos<\/strong> se celebrar\u00e1 el <strong data-start=\"2445\" data-end=\"2496\">6 de mayo a las 20.30 en la Sala Julio Cort\u00e1zar<\/strong>, con la presentaci\u00f3n de <em data-start=\"2521\" data-end=\"2543\">Horizonte de sucesos<\/em>, de Mariana Bolz\u00e1n \u2014obra ganadora del Premio Fray Mocho (Novela)\u2014, y <em data-start=\"2613\" data-end=\"2634\">Perros de la lluvia<\/em>, de Ricardo Romero.<\/p><p data-section-id=\"1g2fnka\" data-start=\"2699\" data-end=\"2716\"><span role=\"text\"><strong data-start=\"2703\" data-end=\"2716\">7 de mayo<\/strong><\/span><\/p><p data-start=\"2717\" data-end=\"2858\"><strong data-start=\"2717\" data-end=\"2726\">16 hs.<\/strong> <em data-start=\"2727\" data-end=\"2774\">Victoria: memorias de all\u00e1 lejos y aqu\u00ed cerca<\/em>, de Gabriel Felipe Calabrese.<br data-start=\"2804\" data-end=\"2807\" \/><strong data-start=\"2807\" data-end=\"2816\">18 hs.<\/strong> <em data-start=\"2817\" data-end=\"2836\">Cortezas del alma<\/em>, de V\u00edctor Etchepare.<\/p><p data-section-id=\"e8hnet\" data-start=\"2860\" data-end=\"2877\"><span role=\"text\"><strong data-start=\"2864\" data-end=\"2877\">8 de mayo<\/strong><\/span><\/p><p data-start=\"2878\" data-end=\"3017\"><strong data-start=\"2878\" data-end=\"2887\">16 hs.<\/strong> <em data-start=\"2888\" data-end=\"2915\">Acosadas, nunca sometidas<\/em>, de Camilo Gait\u00e1n.<br data-start=\"2934\" data-end=\"2937\" \/><strong data-start=\"2937\" data-end=\"2946\">18 hs.<\/strong> <em data-start=\"2947\" data-end=\"2971\">Silbido hacia el fuego<\/em>, de Bel\u00e9n Zavallo, y <em data-start=\"2993\" data-end=\"2999\">Piel<\/em>, de Ferny Kosiak.<\/p><p data-section-id=\"10i21l0\" data-start=\"3019\" data-end=\"3036\"><span role=\"text\"><strong data-start=\"3023\" data-end=\"3036\">9 de mayo<\/strong><\/span><\/p><p data-start=\"3037\" data-end=\"3171\"><strong data-start=\"3037\" data-end=\"3046\">16 h.<\/strong> <em data-start=\"3047\" data-end=\"3084\">Brig. Gral. Miguel Ger\u00f3nimo Galarza<\/em>, de Gast\u00f3n Fleita Moreyra.<br data-start=\"3111\" data-end=\"3114\" \/><strong data-start=\"3114\" data-end=\"3123\">18 h.<\/strong> <em data-start=\"3124\" data-end=\"3151\">Reflexiones de \u00a1Pel\u00edcula!<\/em>, de Walter Friklee.<\/p><p data-section-id=\"1ogltp8\" data-start=\"3173\" data-end=\"3191\"><span role=\"text\"><strong data-start=\"3177\" data-end=\"3191\">10 de mayo<\/strong><\/span><\/p><p data-start=\"3192\" data-end=\"3328\"><strong data-start=\"3192\" data-end=\"3201\">16 hs.<\/strong> <em data-start=\"3202\" data-end=\"3246\">El entrerriano Borges. Padre de Jorge Luis<\/em>, de V\u00edctor Hugo Acosta.<br data-start=\"3270\" data-end=\"3273\" \/><strong data-start=\"3273\" data-end=\"3282\">18 hs.<\/strong> <em data-start=\"3283\" data-end=\"3296\">Imaginaci\u00f3n<\/em>, de Rita Mar\u00eda Esther Quinodoz.<\/p><p data-section-id=\"1271fj1\" data-start=\"3330\" data-end=\"3348\"><span role=\"text\"><strong data-start=\"3334\" data-end=\"3348\">11 de mayo<\/strong><\/span><\/p><p data-start=\"3349\" data-end=\"3525\"><strong data-start=\"3349\" data-end=\"3358\">16 hs.<\/strong> <em data-start=\"3359\" data-end=\"3380\">Hackeando a la vida<\/em> y <em data-start=\"3383\" data-end=\"3415\">El futuro no es ma\u00f1ana es ayer<\/em>, de Daniel Giosa.<br data-start=\"3433\" data-end=\"3436\" \/><strong data-start=\"3436\" data-end=\"3445\">18 hs.<\/strong> <em data-start=\"3446\" data-end=\"3498\">100 preguntas a Fernando Alberto Huck. Parte 1 y 2<\/em>, de Fernando Alberto Huck.<\/p><p data-start=\"1896\" data-end=\"2174\">La participaci\u00f3n de Entre R\u00edos en la Feria del Libro forma parte de una estrategia de promoci\u00f3n cultural que busca fortalecer la visibilidad de sus autores, editoriales y producci\u00f3n literaria, consolidando a la provincia como un actor activo dentro del mapa editorial argentino.<\/p><p data-start=\"1896\" data-end=\"2174\">Para quienes deseen asistir, las entradas para la Feria Internacional del Libro de Buenos Aires pueden adquirirse de manera online a trav\u00e9s del siguiente enlace:\u00a0 <span style=\"color: #800000;\"><strong><a class=\"decorated-link\" style=\"color: #800000;\" href=\"https:\/\/entradas.feriadellibro.ar\/\" target=\"_new\" rel=\"noopener\" data-start=\"3983\" data-end=\"4017\">https:\/\/entradas.feriadellibro.ar<\/a><\/strong><\/span><\/p>\t\t\t\t\t\t\t\t<\/div>\n\t\t\t\t<\/div>\n\t\t\t\t<div class=\"elementor-element elementor-element-1e290a40 elementor-widget elementor-widget-text-editor\" data-id=\"1e290a40\" data-element_type=\"widget\" data-e-type=\"widget\" data-widget_type=\"text-editor.default\">\n\t\t\t\t<div class=\"elementor-widget-container\">\n\t\t\t\t\t\t\t\t\t<p><span style=\"color: var( --e-global-color-dea41e4 ); font-size: var( --e-global-typography-b2ce6af-font-size ); letter-spacing: var( --e-global-typography-b2ce6af-letter-spacing ); word-spacing: var( --e-global-typography-b2ce6af-word-spacing );\">&#8211;<\/span><\/p><p><strong>Equipo de Prensa<\/strong><\/p><p>Representaci\u00f3n Gob. de Entre R\u00edos -CABA-<\/p><p>comunicacion@casadeentrerios.gov.ar<\/p>\t\t\t\t\t\t\t\t<\/div>\n\t\t\t\t<\/div>\n\t\t\t\t<div class=\"elementor-element elementor-element-1524c740 elementor-widget elementor-widget-text-editor\" data-id=\"1524c740\" data-element_type=\"widget\" data-e-type=\"widget\" data-widget_type=\"text-editor.default\">\n\t\t\t\t<div class=\"elementor-widget-container\">\n\t\t\t\t\t\t\t\t\t<p><strong style=\"color: var( --e-global-color-dea41e4 ); letter-spacing: var( --e-global-typography-b2ce6af-letter-spacing ); word-spacing: var( --e-global-typography-b2ce6af-word-spacing );\">Suscribite al newsletter de Casa de Entre Rios &gt;<span style=\"color: #008000;\">\u00a0<a style=\"color: #008000;\" href=\"https:\/\/www.casadeentrerios.gov.ar\/?page_id=2808\" target=\"_blank\" rel=\"noopener\">REGISTRATE<\/a><\/span><\/strong><\/p>\t\t\t\t\t\t\t\t<\/div>\n\t\t\t\t<\/div>\n\t\t\t\t\t<\/div>\n\t\t<\/div>\n\t\t\t\t<div class=\"elementor-column elementor-col-33 elementor-top-column elementor-element elementor-element-5d5607c4\" data-id=\"5d5607c4\" data-element_type=\"column\" data-e-type=\"column\">\n\t\t\t<div class=\"elementor-widget-wrap\">\n\t\t\t\t\t\t\t<\/div>\n\t\t<\/div>\n\t\t\t\t\t<\/div>\n\t\t<\/section>\n\t\t\t\t<section class=\"elementor-section elementor-top-section elementor-element elementor-element-69fa755 elementor-section-boxed elementor-section-height-default elementor-section-height-default\" data-id=\"69fa755\" data-element_type=\"section\" data-e-type=\"section\">\n\t\t\t\t\t\t<div class=\"elementor-container elementor-column-gap-default\">\n\t\t\t\t\t<div class=\"elementor-column elementor-col-100 elementor-top-column elementor-element elementor-element-95b7a3b\" data-id=\"95b7a3b\" data-element_type=\"column\" data-e-type=\"column\">\n\t\t\t<div class=\"elementor-widget-wrap elementor-element-populated\">\n\t\t\t\t\t\t<div class=\"elementor-element elementor-element-33061c1 elementor-widget elementor-widget-spacer\" data-id=\"33061c1\" data-element_type=\"widget\" data-e-type=\"widget\" data-widget_type=\"spacer.default\">\n\t\t\t\t<div class=\"elementor-widget-container\">\n\t\t\t\t\t\t\t<div class=\"elementor-spacer\">\n\t\t\t<div class=\"elementor-spacer-inner\"><\/div>\n\t\t<\/div>\n\t\t\t\t\t\t<\/div>\n\t\t\t\t<\/div>\n\t\t\t\t\t<\/div>\n\t\t<\/div>\n\t\t\t\t\t<\/div>\n\t\t<\/section>\n\t\t\t\t<\/div>\n\t\t","protected":false},"excerpt":{"rendered":"<p>Entre R\u00edos presenta su agenda en la Feria Internacional del Libro 2026 En el marco de la 50\u00b0 Feria Internacional del Libro de Buenos Aires, la provincia de Entre R\u00edos, a trav\u00e9s de la Editorial de Entre R\u00edos y la Secretar\u00eda de Cultura, participa con una nutrida programaci\u00f3n en el Stand ER, ubicado en el [&hellip;]<\/p>\n","protected":false},"author":1,"featured_media":21965,"comment_status":"closed","ping_status":"open","sticky":false,"template":"","format":"standard","meta":{"footnotes":""},"categories":[1],"tags":[],"class_list":["post-21922","post","type-post","status-publish","format-standard","has-post-thumbnail","hentry","category-sin-categoria"],"yoast_head":"<!-- This site is optimized with the Yoast SEO plugin v27.5 - https:\/\/yoast.com\/product\/yoast-seo-wordpress\/ -->\n<title>Entre R\u00edos presenta su agenda en la Feria Internacional del Libro 2026 - Casa de Entre Rios<\/title>\n<meta name=\"robots\" content=\"index, follow, max-snippet:-1, max-image-preview:large, max-video-preview:-1\" \/>\n<link rel=\"canonical\" href=\"https:\/\/www.casadeentrerios.gov.ar\/?p=21922\" \/>\n<meta property=\"og:locale\" content=\"es_ES\" \/>\n<meta property=\"og:type\" content=\"article\" \/>\n<meta property=\"og:title\" content=\"Entre R\u00edos presenta su agenda en la Feria Internacional del Libro 2026 - Casa de Entre Rios\" \/>\n<meta property=\"og:description\" content=\"Entre R\u00edos presenta su agenda en la Feria Internacional del Libro 2026 En el marco de la 50\u00b0 Feria Internacional del Libro de Buenos Aires, la provincia de Entre R\u00edos, a trav\u00e9s de la Editorial de Entre R\u00edos y la Secretar\u00eda de Cultura, participa con una nutrida programaci\u00f3n en el Stand ER, ubicado en el [&hellip;]\" \/>\n<meta property=\"og:url\" content=\"https:\/\/www.casadeentrerios.gov.ar\/?p=21922\" \/>\n<meta property=\"og:site_name\" content=\"Casa de Entre Rios\" \/>\n<meta property=\"article:published_time\" content=\"2026-04-24T12:42:42+00:00\" \/>\n<meta property=\"article:modified_time\" content=\"2026-04-24T21:44:39+00:00\" \/>\n<meta property=\"og:image\" content=\"https:\/\/www.casadeentrerios.gov.ar\/wp-content\/uploads\/2026\/04\/2148882754.jpg\" \/>\n\t<meta property=\"og:image:width\" content=\"1000\" \/>\n\t<meta property=\"og:image:height\" content=\"563\" \/>\n\t<meta property=\"og:image:type\" content=\"image\/jpeg\" \/>\n<meta name=\"author\" content=\"admin\" \/>\n<meta name=\"twitter:card\" content=\"summary_large_image\" \/>\n<meta name=\"twitter:label1\" content=\"Escrito por\" \/>\n\t<meta name=\"twitter:data1\" content=\"admin\" \/>\n\t<meta name=\"twitter:label2\" content=\"Tiempo de lectura\" \/>\n\t<meta name=\"twitter:data2\" content=\"5 minutos\" \/>\n<script type=\"application\/ld+json\" class=\"yoast-schema-graph\">{\"@context\":\"https:\\\/\\\/schema.org\",\"@graph\":[{\"@type\":\"Article\",\"@id\":\"https:\\\/\\\/www.casadeentrerios.gov.ar\\\/?p=21922#article\",\"isPartOf\":{\"@id\":\"https:\\\/\\\/www.casadeentrerios.gov.ar\\\/?p=21922\"},\"author\":{\"name\":\"admin\",\"@id\":\"https:\\\/\\\/www.casadeentrerios.gov.ar\\\/#\\\/schema\\\/person\\\/8f711d99d59b83c941adf9e9960f36f9\"},\"headline\":\"Entre R\u00edos presenta su agenda en la Feria Internacional del Libro 2026\",\"datePublished\":\"2026-04-24T12:42:42+00:00\",\"dateModified\":\"2026-04-24T21:44:39+00:00\",\"mainEntityOfPage\":{\"@id\":\"https:\\\/\\\/www.casadeentrerios.gov.ar\\\/?p=21922\"},\"wordCount\":655,\"publisher\":{\"@id\":\"https:\\\/\\\/www.casadeentrerios.gov.ar\\\/#organization\"},\"image\":{\"@id\":\"https:\\\/\\\/www.casadeentrerios.gov.ar\\\/?p=21922#primaryimage\"},\"thumbnailUrl\":\"https:\\\/\\\/www.casadeentrerios.gov.ar\\\/wp-content\\\/uploads\\\/2026\\\/04\\\/2148882754.jpg\",\"inLanguage\":\"es\"},{\"@type\":\"WebPage\",\"@id\":\"https:\\\/\\\/www.casadeentrerios.gov.ar\\\/?p=21922\",\"url\":\"https:\\\/\\\/www.casadeentrerios.gov.ar\\\/?p=21922\",\"name\":\"Entre R\u00edos presenta su agenda en la Feria Internacional del Libro 2026 - Casa de Entre Rios\",\"isPartOf\":{\"@id\":\"https:\\\/\\\/www.casadeentrerios.gov.ar\\\/#website\"},\"primaryImageOfPage\":{\"@id\":\"https:\\\/\\\/www.casadeentrerios.gov.ar\\\/?p=21922#primaryimage\"},\"image\":{\"@id\":\"https:\\\/\\\/www.casadeentrerios.gov.ar\\\/?p=21922#primaryimage\"},\"thumbnailUrl\":\"https:\\\/\\\/www.casadeentrerios.gov.ar\\\/wp-content\\\/uploads\\\/2026\\\/04\\\/2148882754.jpg\",\"datePublished\":\"2026-04-24T12:42:42+00:00\",\"dateModified\":\"2026-04-24T21:44:39+00:00\",\"breadcrumb\":{\"@id\":\"https:\\\/\\\/www.casadeentrerios.gov.ar\\\/?p=21922#breadcrumb\"},\"inLanguage\":\"es\",\"potentialAction\":[{\"@type\":\"ReadAction\",\"target\":[\"https:\\\/\\\/www.casadeentrerios.gov.ar\\\/?p=21922\"]}]},{\"@type\":\"ImageObject\",\"inLanguage\":\"es\",\"@id\":\"https:\\\/\\\/www.casadeentrerios.gov.ar\\\/?p=21922#primaryimage\",\"url\":\"https:\\\/\\\/www.casadeentrerios.gov.ar\\\/wp-content\\\/uploads\\\/2026\\\/04\\\/2148882754.jpg\",\"contentUrl\":\"https:\\\/\\\/www.casadeentrerios.gov.ar\\\/wp-content\\\/uploads\\\/2026\\\/04\\\/2148882754.jpg\",\"width\":1000,\"height\":563},{\"@type\":\"BreadcrumbList\",\"@id\":\"https:\\\/\\\/www.casadeentrerios.gov.ar\\\/?p=21922#breadcrumb\",\"itemListElement\":[{\"@type\":\"ListItem\",\"position\":1,\"name\":\"Portada\",\"item\":\"https:\\\/\\\/www.casadeentrerios.gov.ar\\\/\"},{\"@type\":\"ListItem\",\"position\":2,\"name\":\"Entre R\u00edos presenta su agenda en la Feria Internacional del Libro 2026\"}]},{\"@type\":\"WebSite\",\"@id\":\"https:\\\/\\\/www.casadeentrerios.gov.ar\\\/#website\",\"url\":\"https:\\\/\\\/www.casadeentrerios.gov.ar\\\/\",\"name\":\"Casa de Entre Rios\",\"description\":\"Representaci\u00f3n del Gobierno de Entre Rios en CABA\",\"publisher\":{\"@id\":\"https:\\\/\\\/www.casadeentrerios.gov.ar\\\/#organization\"},\"potentialAction\":[{\"@type\":\"SearchAction\",\"target\":{\"@type\":\"EntryPoint\",\"urlTemplate\":\"https:\\\/\\\/www.casadeentrerios.gov.ar\\\/?s={search_term_string}\"},\"query-input\":{\"@type\":\"PropertyValueSpecification\",\"valueRequired\":true,\"valueName\":\"search_term_string\"}}],\"inLanguage\":\"es\"},{\"@type\":\"Organization\",\"@id\":\"https:\\\/\\\/www.casadeentrerios.gov.ar\\\/#organization\",\"name\":\"Casa de Entre Rios\",\"url\":\"https:\\\/\\\/www.casadeentrerios.gov.ar\\\/\",\"logo\":{\"@type\":\"ImageObject\",\"inLanguage\":\"es\",\"@id\":\"https:\\\/\\\/www.casadeentrerios.gov.ar\\\/#\\\/schema\\\/logo\\\/image\\\/\",\"url\":\"https:\\\/\\\/www.casadeentrerios.gov.ar\\\/wp-content\\\/uploads\\\/2021\\\/07\\\/img_cer_1.png\",\"contentUrl\":\"https:\\\/\\\/www.casadeentrerios.gov.ar\\\/wp-content\\\/uploads\\\/2021\\\/07\\\/img_cer_1.png\",\"width\":416,\"height\":87,\"caption\":\"Casa de Entre Rios\"},\"image\":{\"@id\":\"https:\\\/\\\/www.casadeentrerios.gov.ar\\\/#\\\/schema\\\/logo\\\/image\\\/\"}},{\"@type\":\"Person\",\"@id\":\"https:\\\/\\\/www.casadeentrerios.gov.ar\\\/#\\\/schema\\\/person\\\/8f711d99d59b83c941adf9e9960f36f9\",\"name\":\"admin\",\"image\":{\"@type\":\"ImageObject\",\"inLanguage\":\"es\",\"@id\":\"https:\\\/\\\/secure.gravatar.com\\\/avatar\\\/83952e3d8f2dd8e4585599a06f137e4070a13a122750ff987dc72294da83e569?s=96&d=mm&r=g\",\"url\":\"https:\\\/\\\/secure.gravatar.com\\\/avatar\\\/83952e3d8f2dd8e4585599a06f137e4070a13a122750ff987dc72294da83e569?s=96&d=mm&r=g\",\"contentUrl\":\"https:\\\/\\\/secure.gravatar.com\\\/avatar\\\/83952e3d8f2dd8e4585599a06f137e4070a13a122750ff987dc72294da83e569?s=96&d=mm&r=g\",\"caption\":\"admin\"},\"sameAs\":[\"http:\\\/\\\/www.casadeentrerios.gov.ar\"],\"url\":\"https:\\\/\\\/www.casadeentrerios.gov.ar\\\/?author=1\"}]}<\/script>\n<!-- \/ Yoast SEO plugin. -->","yoast_head_json":{"title":"Entre R\u00edos presenta su agenda en la Feria Internacional del Libro 2026 - Casa de Entre Rios","robots":{"index":"index","follow":"follow","max-snippet":"max-snippet:-1","max-image-preview":"max-image-preview:large","max-video-preview":"max-video-preview:-1"},"canonical":"https:\/\/www.casadeentrerios.gov.ar\/?p=21922","og_locale":"es_ES","og_type":"article","og_title":"Entre R\u00edos presenta su agenda en la Feria Internacional del Libro 2026 - Casa de Entre Rios","og_description":"Entre R\u00edos presenta su agenda en la Feria Internacional del Libro 2026 En el marco de la 50\u00b0 Feria Internacional del Libro de Buenos Aires, la provincia de Entre R\u00edos, a trav\u00e9s de la Editorial de Entre R\u00edos y la Secretar\u00eda de Cultura, participa con una nutrida programaci\u00f3n en el Stand ER, ubicado en el [&hellip;]","og_url":"https:\/\/www.casadeentrerios.gov.ar\/?p=21922","og_site_name":"Casa de Entre Rios","article_published_time":"2026-04-24T12:42:42+00:00","article_modified_time":"2026-04-24T21:44:39+00:00","og_image":[{"width":1000,"height":563,"url":"https:\/\/www.casadeentrerios.gov.ar\/wp-content\/uploads\/2026\/04\/2148882754.jpg","type":"image\/jpeg"}],"author":"admin","twitter_card":"summary_large_image","twitter_misc":{"Escrito por":"admin","Tiempo de lectura":"5 minutos"},"schema":{"@context":"https:\/\/schema.org","@graph":[{"@type":"Article","@id":"https:\/\/www.casadeentrerios.gov.ar\/?p=21922#article","isPartOf":{"@id":"https:\/\/www.casadeentrerios.gov.ar\/?p=21922"},"author":{"name":"admin","@id":"https:\/\/www.casadeentrerios.gov.ar\/#\/schema\/person\/8f711d99d59b83c941adf9e9960f36f9"},"headline":"Entre R\u00edos presenta su agenda en la Feria Internacional del Libro 2026","datePublished":"2026-04-24T12:42:42+00:00","dateModified":"2026-04-24T21:44:39+00:00","mainEntityOfPage":{"@id":"https:\/\/www.casadeentrerios.gov.ar\/?p=21922"},"wordCount":655,"publisher":{"@id":"https:\/\/www.casadeentrerios.gov.ar\/#organization"},"image":{"@id":"https:\/\/www.casadeentrerios.gov.ar\/?p=21922#primaryimage"},"thumbnailUrl":"https:\/\/www.casadeentrerios.gov.ar\/wp-content\/uploads\/2026\/04\/2148882754.jpg","inLanguage":"es"},{"@type":"WebPage","@id":"https:\/\/www.casadeentrerios.gov.ar\/?p=21922","url":"https:\/\/www.casadeentrerios.gov.ar\/?p=21922","name":"Entre R\u00edos presenta su agenda en la Feria Internacional del Libro 2026 - Casa de Entre Rios","isPartOf":{"@id":"https:\/\/www.casadeentrerios.gov.ar\/#website"},"primaryImageOfPage":{"@id":"https:\/\/www.casadeentrerios.gov.ar\/?p=21922#primaryimage"},"image":{"@id":"https:\/\/www.casadeentrerios.gov.ar\/?p=21922#primaryimage"},"thumbnailUrl":"https:\/\/www.casadeentrerios.gov.ar\/wp-content\/uploads\/2026\/04\/2148882754.jpg","datePublished":"2026-04-24T12:42:42+00:00","dateModified":"2026-04-24T21:44:39+00:00","breadcrumb":{"@id":"https:\/\/www.casadeentrerios.gov.ar\/?p=21922#breadcrumb"},"inLanguage":"es","potentialAction":[{"@type":"ReadAction","target":["https:\/\/www.casadeentrerios.gov.ar\/?p=21922"]}]},{"@type":"ImageObject","inLanguage":"es","@id":"https:\/\/www.casadeentrerios.gov.ar\/?p=21922#primaryimage","url":"https:\/\/www.casadeentrerios.gov.ar\/wp-content\/uploads\/2026\/04\/2148882754.jpg","contentUrl":"https:\/\/www.casadeentrerios.gov.ar\/wp-content\/uploads\/2026\/04\/2148882754.jpg","width":1000,"height":563},{"@type":"BreadcrumbList","@id":"https:\/\/www.casadeentrerios.gov.ar\/?p=21922#breadcrumb","itemListElement":[{"@type":"ListItem","position":1,"name":"Portada","item":"https:\/\/www.casadeentrerios.gov.ar\/"},{"@type":"ListItem","position":2,"name":"Entre R\u00edos presenta su agenda en la Feria Internacional del Libro 2026"}]},{"@type":"WebSite","@id":"https:\/\/www.casadeentrerios.gov.ar\/#website","url":"https:\/\/www.casadeentrerios.gov.ar\/","name":"Casa de Entre Rios","description":"Representaci\u00f3n del Gobierno de Entre Rios en CABA","publisher":{"@id":"https:\/\/www.casadeentrerios.gov.ar\/#organization"},"potentialAction":[{"@type":"SearchAction","target":{"@type":"EntryPoint","urlTemplate":"https:\/\/www.casadeentrerios.gov.ar\/?s={search_term_string}"},"query-input":{"@type":"PropertyValueSpecification","valueRequired":true,"valueName":"search_term_string"}}],"inLanguage":"es"},{"@type":"Organization","@id":"https:\/\/www.casadeentrerios.gov.ar\/#organization","name":"Casa de Entre Rios","url":"https:\/\/www.casadeentrerios.gov.ar\/","logo":{"@type":"ImageObject","inLanguage":"es","@id":"https:\/\/www.casadeentrerios.gov.ar\/#\/schema\/logo\/image\/","url":"https:\/\/www.casadeentrerios.gov.ar\/wp-content\/uploads\/2021\/07\/img_cer_1.png","contentUrl":"https:\/\/www.casadeentrerios.gov.ar\/wp-content\/uploads\/2021\/07\/img_cer_1.png","width":416,"height":87,"caption":"Casa de Entre Rios"},"image":{"@id":"https:\/\/www.casadeentrerios.gov.ar\/#\/schema\/logo\/image\/"}},{"@type":"Person","@id":"https:\/\/www.casadeentrerios.gov.ar\/#\/schema\/person\/8f711d99d59b83c941adf9e9960f36f9","name":"admin","image":{"@type":"ImageObject","inLanguage":"es","@id":"https:\/\/secure.gravatar.com\/avatar\/83952e3d8f2dd8e4585599a06f137e4070a13a122750ff987dc72294da83e569?s=96&d=mm&r=g","url":"https:\/\/secure.gravatar.com\/avatar\/83952e3d8f2dd8e4585599a06f137e4070a13a122750ff987dc72294da83e569?s=96&d=mm&r=g","contentUrl":"https:\/\/secure.gravatar.com\/avatar\/83952e3d8f2dd8e4585599a06f137e4070a13a122750ff987dc72294da83e569?s=96&d=mm&r=g","caption":"admin"},"sameAs":["http:\/\/www.casadeentrerios.gov.ar"],"url":"https:\/\/www.casadeentrerios.gov.ar\/?author=1"}]}},"_links":{"self":[{"href":"https:\/\/www.casadeentrerios.gov.ar\/index.php?rest_route=\/wp\/v2\/posts\/21922","targetHints":{"allow":["GET"]}}],"collection":[{"href":"https:\/\/www.casadeentrerios.gov.ar\/index.php?rest_route=\/wp\/v2\/posts"}],"about":[{"href":"https:\/\/www.casadeentrerios.gov.ar\/index.php?rest_route=\/wp\/v2\/types\/post"}],"author":[{"embeddable":true,"href":"https:\/\/www.casadeentrerios.gov.ar\/index.php?rest_route=\/wp\/v2\/users\/1"}],"replies":[{"embeddable":true,"href":"https:\/\/www.casadeentrerios.gov.ar\/index.php?rest_route=%2Fwp%2Fv2%2Fcomments&post=21922"}],"version-history":[{"count":52,"href":"https:\/\/www.casadeentrerios.gov.ar\/index.php?rest_route=\/wp\/v2\/posts\/21922\/revisions"}],"predecessor-version":[{"id":22058,"href":"https:\/\/www.casadeentrerios.gov.ar\/index.php?rest_route=\/wp\/v2\/posts\/21922\/revisions\/22058"}],"wp:featuredmedia":[{"embeddable":true,"href":"https:\/\/www.casadeentrerios.gov.ar\/index.php?rest_route=\/wp\/v2\/media\/21965"}],"wp:attachment":[{"href":"https:\/\/www.casadeentrerios.gov.ar\/index.php?rest_route=%2Fwp%2Fv2%2Fmedia&parent=21922"}],"wp:term":[{"taxonomy":"category","embeddable":true,"href":"https:\/\/www.casadeentrerios.gov.ar\/index.php?rest_route=%2Fwp%2Fv2%2Fcategories&post=21922"},{"taxonomy":"post_tag","embeddable":true,"href":"https:\/\/www.casadeentrerios.gov.ar\/index.php?rest_route=%2Fwp%2Fv2%2Ftags&post=21922"}],"curies":[{"name":"wp","href":"https:\/\/api.w.org\/{rel}","templated":true}]}}