{"id":23487,"date":"2026-05-26T23:38:13","date_gmt":"2026-05-26T23:38:13","guid":{"rendered":"https:\/\/www.casadeentrerios.gov.ar\/?p=23487"},"modified":"2026-05-27T15:52:09","modified_gmt":"2026-05-27T15:52:09","slug":"la-casa-de-entre-rios-consolida-una-agenda-de-gestion-servicios-y-modernizacion-en-buenos-aires","status":"publish","type":"post","link":"https:\/\/www.casadeentrerios.gov.ar\/?p=23487","title":{"rendered":"La Casa de Entre R\u00edos consolida una agenda de gesti\u00f3n, servicios y modernizaci\u00f3n en Buenos Aires"},"content":{"rendered":"\t\t<div data-elementor-type=\"wp-post\" data-elementor-id=\"23487\" class=\"elementor elementor-23487\" data-elementor-post-type=\"post\">\n\t\t\t\t\t\t<section class=\"elementor-section elementor-top-section elementor-element elementor-element-057ebfd elementor-section-boxed elementor-section-height-default elementor-section-height-default\" data-id=\"057ebfd\" data-element_type=\"section\" data-e-type=\"section\">\n\t\t\t\t\t\t<div class=\"elementor-container elementor-column-gap-default\">\n\t\t\t\t\t<div class=\"elementor-column elementor-col-100 elementor-top-column elementor-element elementor-element-d32c4df\" data-id=\"d32c4df\" data-element_type=\"column\" data-e-type=\"column\">\n\t\t\t<div class=\"elementor-widget-wrap elementor-element-populated\">\n\t\t\t\t\t\t<div class=\"elementor-element elementor-element-5516f6f elementor-widget elementor-widget-spacer\" data-id=\"5516f6f\" data-element_type=\"widget\" data-e-type=\"widget\" data-widget_type=\"spacer.default\">\n\t\t\t\t<div class=\"elementor-widget-container\">\n\t\t\t\t\t\t\t<div class=\"elementor-spacer\">\n\t\t\t<div class=\"elementor-spacer-inner\"><\/div>\n\t\t<\/div>\n\t\t\t\t\t\t<\/div>\n\t\t\t\t<\/div>\n\t\t\t\t\t<\/div>\n\t\t<\/div>\n\t\t\t\t\t<\/div>\n\t\t<\/section>\n\t\t\t\t<section class=\"elementor-section elementor-top-section elementor-element elementor-element-30c72f69 elementor-section-boxed elementor-section-height-default elementor-section-height-default\" data-id=\"30c72f69\" data-element_type=\"section\" data-e-type=\"section\">\n\t\t\t\t\t\t<div class=\"elementor-container elementor-column-gap-default\">\n\t\t\t\t\t<div class=\"elementor-column elementor-col-100 elementor-top-column elementor-element elementor-element-4d128662\" data-id=\"4d128662\" data-element_type=\"column\" data-e-type=\"column\">\n\t\t\t<div class=\"elementor-widget-wrap elementor-element-populated\">\n\t\t\t\t\t\t<div class=\"elementor-element elementor-element-7a940b4 elementor-widget elementor-widget-heading\" data-id=\"7a940b4\" data-element_type=\"widget\" data-e-type=\"widget\" data-widget_type=\"heading.default\">\n\t\t\t\t<div class=\"elementor-widget-container\">\n\t\t\t\t\t<h2 class=\"elementor-heading-title elementor-size-default\">La Casa de Entre R\u00edos consolida una agenda de gesti\u00f3n, servicios y modernizaci\u00f3n en Buenos Aires<\/h2>\t\t\t\t<\/div>\n\t\t\t\t<\/div>\n\t\t\t\t\t<\/div>\n\t\t<\/div>\n\t\t\t\t\t<\/div>\n\t\t<\/section>\n\t\t\t\t<section class=\"elementor-section elementor-top-section elementor-element elementor-element-5f6e41f3 elementor-section-boxed elementor-section-height-default elementor-section-height-default\" data-id=\"5f6e41f3\" data-element_type=\"section\" data-e-type=\"section\">\n\t\t\t\t\t\t<div class=\"elementor-container elementor-column-gap-default\">\n\t\t\t\t\t<div class=\"elementor-column elementor-col-100 elementor-top-column elementor-element elementor-element-758c9e00\" data-id=\"758c9e00\" data-element_type=\"column\" data-e-type=\"column\">\n\t\t\t<div class=\"elementor-widget-wrap elementor-element-populated\">\n\t\t\t\t\t\t<div class=\"elementor-element elementor-element-391d55d2 elementor-widget elementor-widget-text-editor\" data-id=\"391d55d2\" data-element_type=\"widget\" data-e-type=\"widget\" data-widget_type=\"text-editor.default\">\n\t\t\t\t<div class=\"elementor-widget-container\">\n\t\t\t\t\t\t\t\t\t<p class=\"p1\">Con nuevas herramientas digitales, m\u00e1s delegaciones y una agenda activa de articulaci\u00f3n institucional, la sede fortalece su rol como espacio de atenci\u00f3n y representaci\u00f3n de la provincia en CABA.<\/p>\t\t\t\t\t\t\t\t<\/div>\n\t\t\t\t<\/div>\n\t\t\t\t\t<\/div>\n\t\t<\/div>\n\t\t\t\t\t<\/div>\n\t\t<\/section>\n\t\t\t\t<section class=\"elementor-section elementor-top-section elementor-element elementor-element-5e4b6e8a elementor-section-boxed elementor-section-height-default elementor-section-height-default\" data-id=\"5e4b6e8a\" data-element_type=\"section\" data-e-type=\"section\">\n\t\t\t\t\t\t<div class=\"elementor-container elementor-column-gap-default\">\n\t\t\t\t\t<div class=\"elementor-column elementor-col-66 elementor-top-column elementor-element elementor-element-47b35952\" data-id=\"47b35952\" data-element_type=\"column\" data-e-type=\"column\">\n\t\t\t<div class=\"elementor-widget-wrap elementor-element-populated\">\n\t\t\t\t\t\t<div class=\"elementor-element elementor-element-6535d993 elementor-widget elementor-widget-text-editor\" data-id=\"6535d993\" data-element_type=\"widget\" data-e-type=\"widget\" data-widget_type=\"text-editor.default\">\n\t\t\t\t<div class=\"elementor-widget-container\">\n\t\t\t\t\t\t\t\t\t<p><strong>Suscribite al newsletter de Casa de Entre Rios &gt;<span style=\"color: #008000;\">\u00a0<a style=\"color: #008000;\" href=\"https:\/\/www.casadeentrerios.gov.ar\/?page_id=2808\" target=\"_blank\" rel=\"noopener\">REGISTRATE<\/a><\/span><\/strong><\/p>\t\t\t\t\t\t\t\t<\/div>\n\t\t\t\t<\/div>\n\t\t\t\t<div class=\"elementor-element elementor-element-6bececd3 elementor-widget elementor-widget-text-editor\" data-id=\"6bececd3\" data-element_type=\"widget\" data-e-type=\"widget\" data-widget_type=\"text-editor.default\">\n\t\t\t\t<div class=\"elementor-widget-container\">\n\t\t\t\t\t\t\t\t\t<p class=\"p1\">En el marco de la agenda de gesti\u00f3n impulsada por el Gobierno de Entre R\u00edos, la Representaci\u00f3n en la Ciudad de Buenos Aires avanza en la consolidaci\u00f3n de un modelo orientado a fortalecer su rol como espacio de visibilidad, articulaci\u00f3n y atenci\u00f3n integral para los entrerrianos.<\/p><p class=\"p1\">A trav\u00e9s de una agenda sostenida, la Casa se posiciona como una vidriera activa del potencial entrerriano, con propuestas culturales, productivas y tur\u00edsticas que permiten proyectar la identidad y el desarrollo de la provincia en el \u00e1mbito nacional.<\/p><p class=\"p1\">En este contexto, se desarrolla una programaci\u00f3n cultural continua que incluye exposiciones, presentaciones y ciclos art\u00edsticos, junto con herramientas como la <span style=\"color: #339966;\"><a style=\"color: #339966;\" href=\"https:\/\/www.casadeentrerios.gov.ar\/?page_id=12762\" target=\"_blank\" rel=\"noopener\"><strong>Galer\u00eda Virtual<\/strong><\/a><\/span>, un espacio digital que ampl\u00eda el alcance de las muestras y permite acercar la producci\u00f3n art\u00edstica entrerriana a nuevos p\u00fablicos, y <strong><span style=\"color: #339966;\"><a style=\"color: #339966;\" href=\"https:\/\/www.casadeentrerios.gov.ar\/?page_id=22572\" target=\"_blank\" rel=\"noopener\">Punto ER<\/a><\/span><\/strong>, un programa destinado a ampliar la circulaci\u00f3n y la llegada de las producciones literarias de la provincia a nuevos lectores.<\/p><p class=\"p1\">A su vez, en el plano productivo, se impulsan presentaciones sectoriales, workshops y rondas de negocios orientadas a generar v\u00ednculos entre productores entrerrianos y actores estrat\u00e9gicos, visibilizando el potencial productivo de la provincia y promoviendo nuevas oportunidades de desarrollo.<\/p><p data-start=\"1618\" data-end=\"1916\">En el eje tur\u00edstico, se desarrollan acciones de promoci\u00f3n y posicionamiento de los destinos entrerrianos en Buenos Aires, articulando presentaciones, campa\u00f1as y encuentros con referentes del sector para fortalecer la visibilidad de la provincia y acompa\u00f1ar el crecimiento de la actividad tur\u00edstica.<\/p><p class=\"p1\">En el \u00e1rea de acci\u00f3n social, se inici\u00f3 la implementaci\u00f3n de un nuevo circuito de derivaci\u00f3n para pacientes en tr\u00e1nsito en la Ciudad de Buenos Aires, orientado a optimizar los procesos de atenci\u00f3n y fortalecer la articulaci\u00f3n entre organismos. Esta herramienta permitir\u00e1 brindar respuestas m\u00e1s \u00e1giles y un acompa\u00f1amiento m\u00e1s ordenado a los entrerrianos que deban realizar tratamientos fuera de la provincia.<\/p><p class=\"p1\">En paralelo, se profundiza un proceso de modernizaci\u00f3n de la gesti\u00f3n a partir del ordenamiento del sitio web institucional, la incorporaci\u00f3n de <span style=\"color: #339966;\"><a style=\"color: #339966;\" href=\"https:\/\/www.casadeentrerios.gov.ar\/?page_id=14727\" target=\"_blank\" rel=\"noopener\"><strong>agenda digital<\/strong><\/a><\/span> y newsletter, la implementaci\u00f3n de un canal de <a href=\"https:\/\/www.casadeentrerios.gov.ar\/?page_id=22788\" target=\"_blank\" rel=\"noopener\"><span style=\"color: #339966;\"><strong>WhatsApp<\/strong><\/span><\/a> y la puesta en funcionamiento del sistema de Gesti\u00f3n Documental Electr\u00f3nica (GDE), orientado a optimizar circuitos administrativos y mejorar la trazabilidad de la gesti\u00f3n.<\/p><p class=\"p1\">Asimismo, se fortalece el rol de la Casa como espacio de atenci\u00f3n integral mediante la incorporaci\u00f3n de <span style=\"color: #339966;\"><strong><a style=\"color: #339966;\" href=\"https:\/\/www.casadeentrerios.gov.ar\/?page_id=15275\" target=\"_blank\" rel=\"noopener\">nuevas delegaciones en la sede<\/a><\/strong><\/span>. En este marco, se sumaron servicios de ATER (impuestos), OSER (obra social) y Polic\u00eda de Entre R\u00edos para consultas de multas, que se integran a organismos ya presentes como IAPSER, UADER y la Caja de Jubilaciones, permitiendo centralizar tr\u00e1mites y mejorar la accesibilidad para los ciudadanos.<\/p><p class=\"p1\">Estas acciones se complementan con una agenda de vinculaci\u00f3n estrat\u00e9gica junto a embajadas, organismos p\u00fablicos, c\u00e1maras empresarias e instituciones culturales y educativas, consolidando a la Casa de Entre R\u00edos como un espacio activo de gesti\u00f3n, servicios y proyecci\u00f3n institucional en la Ciudad de Buenos Aires.<\/p>\t\t\t\t\t\t\t\t<\/div>\n\t\t\t\t<\/div>\n\t\t\t\t<div class=\"elementor-element elementor-element-9221ed2 elementor-widget elementor-widget-text-editor\" data-id=\"9221ed2\" data-element_type=\"widget\" data-e-type=\"widget\" data-widget_type=\"text-editor.default\">\n\t\t\t\t<div class=\"elementor-widget-container\">\n\t\t\t\t\t\t\t\t\t<p><span style=\"color: var( --e-global-color-dea41e4 ); font-size: var( --e-global-typography-b2ce6af-font-size ); letter-spacing: var( --e-global-typography-b2ce6af-letter-spacing ); word-spacing: var( --e-global-typography-b2ce6af-word-spacing );\">&#8211;<\/span><\/p><p><strong>Equipo de Prensa<\/strong><\/p><p>comunicacion@casadeentrerios.gov.ar<\/p>\t\t\t\t\t\t\t\t<\/div>\n\t\t\t\t<\/div>\n\t\t\t\t<div class=\"elementor-element elementor-element-136cfd93 elementor-widget elementor-widget-text-editor\" data-id=\"136cfd93\" data-element_type=\"widget\" data-e-type=\"widget\" data-widget_type=\"text-editor.default\">\n\t\t\t\t<div class=\"elementor-widget-container\">\n\t\t\t\t\t\t\t\t\t<p><strong style=\"color: var( --e-global-color-dea41e4 ); letter-spacing: var( --e-global-typography-b2ce6af-letter-spacing ); word-spacing: var( --e-global-typography-b2ce6af-word-spacing );\">Suscribite al newsletter de Casa de Entre Rios &gt;<span style=\"color: #008000;\">\u00a0<a style=\"color: #008000;\" href=\"https:\/\/www.casadeentrerios.gov.ar\/?page_id=2808\" target=\"_blank\" rel=\"noopener\">REGISTRATE<\/a><\/span><\/strong><\/p>\t\t\t\t\t\t\t\t<\/div>\n\t\t\t\t<\/div>\n\t\t\t\t\t<\/div>\n\t\t<\/div>\n\t\t\t\t<div class=\"elementor-column elementor-col-33 elementor-top-column elementor-element elementor-element-279781d6\" data-id=\"279781d6\" data-element_type=\"column\" data-e-type=\"column\">\n\t\t\t<div class=\"elementor-widget-wrap\">\n\t\t\t\t\t\t\t<\/div>\n\t\t<\/div>\n\t\t\t\t\t<\/div>\n\t\t<\/section>\n\t\t\t\t<section class=\"elementor-section elementor-top-section elementor-element elementor-element-d6d790f elementor-section-boxed elementor-section-height-default elementor-section-height-default\" data-id=\"d6d790f\" data-element_type=\"section\" data-e-type=\"section\">\n\t\t\t\t\t\t<div class=\"elementor-container elementor-column-gap-default\">\n\t\t\t\t\t<div class=\"elementor-column elementor-col-100 elementor-top-column elementor-element elementor-element-626d229\" data-id=\"626d229\" data-element_type=\"column\" data-e-type=\"column\">\n\t\t\t<div class=\"elementor-widget-wrap elementor-element-populated\">\n\t\t\t\t\t\t<div class=\"elementor-element elementor-element-b3286e3 elementor-widget elementor-widget-spacer\" data-id=\"b3286e3\" data-element_type=\"widget\" data-e-type=\"widget\" data-widget_type=\"spacer.default\">\n\t\t\t\t<div class=\"elementor-widget-container\">\n\t\t\t\t\t\t\t<div class=\"elementor-spacer\">\n\t\t\t<div class=\"elementor-spacer-inner\"><\/div>\n\t\t<\/div>\n\t\t\t\t\t\t<\/div>\n\t\t\t\t<\/div>\n\t\t\t\t\t<\/div>\n\t\t<\/div>\n\t\t\t\t\t<\/div>\n\t\t<\/section>\n\t\t\t\t<\/div>\n\t\t","protected":false},"excerpt":{"rendered":"<p>La Casa de Entre R\u00edos consolida una agenda de gesti\u00f3n, servicios y modernizaci\u00f3n en Buenos Aires Con nuevas herramientas digitales, m\u00e1s delegaciones y una agenda activa de articulaci\u00f3n institucional, la sede fortalece su rol como espacio de atenci\u00f3n y representaci\u00f3n de la provincia en CABA. Suscribite al newsletter de Casa de Entre Rios &gt;\u00a0REGISTRATE En [&hellip;]<\/p>\n","protected":false},"author":1,"featured_media":23506,"comment_status":"closed","ping_status":"open","sticky":false,"template":"","format":"standard","meta":{"footnotes":""},"categories":[1],"tags":[],"class_list":["post-23487","post","type-post","status-publish","format-standard","has-post-thumbnail","hentry","category-sin-categoria"],"yoast_head":"<!-- This site is optimized with the Yoast SEO plugin v27.5 - https:\/\/yoast.com\/product\/yoast-seo-wordpress\/ -->\n<title>La Casa de Entre R\u00edos consolida una agenda de gesti\u00f3n, servicios y modernizaci\u00f3n en Buenos Aires - Casa de Entre Rios<\/title>\n<meta name=\"robots\" content=\"index, follow, max-snippet:-1, max-image-preview:large, max-video-preview:-1\" \/>\n<link rel=\"canonical\" href=\"https:\/\/www.casadeentrerios.gov.ar\/?p=23487\" \/>\n<meta property=\"og:locale\" content=\"es_ES\" \/>\n<meta property=\"og:type\" content=\"article\" \/>\n<meta property=\"og:title\" content=\"La Casa de Entre R\u00edos consolida una agenda de gesti\u00f3n, servicios y modernizaci\u00f3n en Buenos Aires - Casa de Entre Rios\" \/>\n<meta property=\"og:description\" content=\"La Casa de Entre R\u00edos consolida una agenda de gesti\u00f3n, servicios y modernizaci\u00f3n en Buenos Aires Con nuevas herramientas digitales, m\u00e1s delegaciones y una agenda activa de articulaci\u00f3n institucional, la sede fortalece su rol como espacio de atenci\u00f3n y representaci\u00f3n de la provincia en CABA. Suscribite al newsletter de Casa de Entre Rios &gt;\u00a0REGISTRATE En [&hellip;]\" \/>\n<meta property=\"og:url\" content=\"https:\/\/www.casadeentrerios.gov.ar\/?p=23487\" \/>\n<meta property=\"og:site_name\" content=\"Casa de Entre Rios\" \/>\n<meta property=\"article:published_time\" content=\"2026-05-26T23:38:13+00:00\" \/>\n<meta property=\"article:modified_time\" content=\"2026-05-27T15:52:09+00:00\" \/>\n<meta property=\"og:image\" content=\"https:\/\/www.casadeentrerios.gov.ar\/wp-content\/uploads\/2026\/05\/img_3-1.png\" \/>\n\t<meta property=\"og:image:width\" content=\"700\" \/>\n\t<meta property=\"og:image:height\" content=\"400\" \/>\n\t<meta property=\"og:image:type\" content=\"image\/png\" \/>\n<meta name=\"author\" content=\"admin\" \/>\n<meta name=\"twitter:card\" content=\"summary_large_image\" \/>\n<meta name=\"twitter:label1\" content=\"Escrito por\" \/>\n\t<meta name=\"twitter:data1\" content=\"admin\" \/>\n\t<meta name=\"twitter:label2\" content=\"Tiempo de lectura\" \/>\n\t<meta name=\"twitter:data2\" content=\"3 minutos\" \/>\n<script type=\"application\/ld+json\" class=\"yoast-schema-graph\">{\"@context\":\"https:\\\/\\\/schema.org\",\"@graph\":[{\"@type\":\"Article\",\"@id\":\"https:\\\/\\\/www.casadeentrerios.gov.ar\\\/?p=23487#article\",\"isPartOf\":{\"@id\":\"https:\\\/\\\/www.casadeentrerios.gov.ar\\\/?p=23487\"},\"author\":{\"name\":\"admin\",\"@id\":\"https:\\\/\\\/www.casadeentrerios.gov.ar\\\/#\\\/schema\\\/person\\\/8f711d99d59b83c941adf9e9960f36f9\"},\"headline\":\"La Casa de Entre R\u00edos consolida una agenda de gesti\u00f3n, servicios y modernizaci\u00f3n en Buenos Aires\",\"datePublished\":\"2026-05-26T23:38:13+00:00\",\"dateModified\":\"2026-05-27T15:52:09+00:00\",\"mainEntityOfPage\":{\"@id\":\"https:\\\/\\\/www.casadeentrerios.gov.ar\\\/?p=23487\"},\"wordCount\":613,\"publisher\":{\"@id\":\"https:\\\/\\\/www.casadeentrerios.gov.ar\\\/#organization\"},\"image\":{\"@id\":\"https:\\\/\\\/www.casadeentrerios.gov.ar\\\/?p=23487#primaryimage\"},\"thumbnailUrl\":\"https:\\\/\\\/www.casadeentrerios.gov.ar\\\/wp-content\\\/uploads\\\/2026\\\/05\\\/img_3-1.png\",\"inLanguage\":\"es\"},{\"@type\":\"WebPage\",\"@id\":\"https:\\\/\\\/www.casadeentrerios.gov.ar\\\/?p=23487\",\"url\":\"https:\\\/\\\/www.casadeentrerios.gov.ar\\\/?p=23487\",\"name\":\"La Casa de Entre R\u00edos consolida una agenda de gesti\u00f3n, servicios y modernizaci\u00f3n en Buenos Aires - Casa de Entre Rios\",\"isPartOf\":{\"@id\":\"https:\\\/\\\/www.casadeentrerios.gov.ar\\\/#website\"},\"primaryImageOfPage\":{\"@id\":\"https:\\\/\\\/www.casadeentrerios.gov.ar\\\/?p=23487#primaryimage\"},\"image\":{\"@id\":\"https:\\\/\\\/www.casadeentrerios.gov.ar\\\/?p=23487#primaryimage\"},\"thumbnailUrl\":\"https:\\\/\\\/www.casadeentrerios.gov.ar\\\/wp-content\\\/uploads\\\/2026\\\/05\\\/img_3-1.png\",\"datePublished\":\"2026-05-26T23:38:13+00:00\",\"dateModified\":\"2026-05-27T15:52:09+00:00\",\"breadcrumb\":{\"@id\":\"https:\\\/\\\/www.casadeentrerios.gov.ar\\\/?p=23487#breadcrumb\"},\"inLanguage\":\"es\",\"potentialAction\":[{\"@type\":\"ReadAction\",\"target\":[\"https:\\\/\\\/www.casadeentrerios.gov.ar\\\/?p=23487\"]}]},{\"@type\":\"ImageObject\",\"inLanguage\":\"es\",\"@id\":\"https:\\\/\\\/www.casadeentrerios.gov.ar\\\/?p=23487#primaryimage\",\"url\":\"https:\\\/\\\/www.casadeentrerios.gov.ar\\\/wp-content\\\/uploads\\\/2026\\\/05\\\/img_3-1.png\",\"contentUrl\":\"https:\\\/\\\/www.casadeentrerios.gov.ar\\\/wp-content\\\/uploads\\\/2026\\\/05\\\/img_3-1.png\",\"width\":700,\"height\":400},{\"@type\":\"BreadcrumbList\",\"@id\":\"https:\\\/\\\/www.casadeentrerios.gov.ar\\\/?p=23487#breadcrumb\",\"itemListElement\":[{\"@type\":\"ListItem\",\"position\":1,\"name\":\"Portada\",\"item\":\"https:\\\/\\\/www.casadeentrerios.gov.ar\\\/\"},{\"@type\":\"ListItem\",\"position\":2,\"name\":\"La Casa de Entre R\u00edos consolida una agenda de gesti\u00f3n, servicios y modernizaci\u00f3n en Buenos Aires\"}]},{\"@type\":\"WebSite\",\"@id\":\"https:\\\/\\\/www.casadeentrerios.gov.ar\\\/#website\",\"url\":\"https:\\\/\\\/www.casadeentrerios.gov.ar\\\/\",\"name\":\"Casa de Entre Rios\",\"description\":\"Representaci\u00f3n del Gobierno de Entre Rios en CABA\",\"publisher\":{\"@id\":\"https:\\\/\\\/www.casadeentrerios.gov.ar\\\/#organization\"},\"potentialAction\":[{\"@type\":\"SearchAction\",\"target\":{\"@type\":\"EntryPoint\",\"urlTemplate\":\"https:\\\/\\\/www.casadeentrerios.gov.ar\\\/?s={search_term_string}\"},\"query-input\":{\"@type\":\"PropertyValueSpecification\",\"valueRequired\":true,\"valueName\":\"search_term_string\"}}],\"inLanguage\":\"es\"},{\"@type\":\"Organization\",\"@id\":\"https:\\\/\\\/www.casadeentrerios.gov.ar\\\/#organization\",\"name\":\"Casa de Entre Rios\",\"url\":\"https:\\\/\\\/www.casadeentrerios.gov.ar\\\/\",\"logo\":{\"@type\":\"ImageObject\",\"inLanguage\":\"es\",\"@id\":\"https:\\\/\\\/www.casadeentrerios.gov.ar\\\/#\\\/schema\\\/logo\\\/image\\\/\",\"url\":\"https:\\\/\\\/www.casadeentrerios.gov.ar\\\/wp-content\\\/uploads\\\/2021\\\/07\\\/img_cer_1.png\",\"contentUrl\":\"https:\\\/\\\/www.casadeentrerios.gov.ar\\\/wp-content\\\/uploads\\\/2021\\\/07\\\/img_cer_1.png\",\"width\":416,\"height\":87,\"caption\":\"Casa de Entre Rios\"},\"image\":{\"@id\":\"https:\\\/\\\/www.casadeentrerios.gov.ar\\\/#\\\/schema\\\/logo\\\/image\\\/\"}},{\"@type\":\"Person\",\"@id\":\"https:\\\/\\\/www.casadeentrerios.gov.ar\\\/#\\\/schema\\\/person\\\/8f711d99d59b83c941adf9e9960f36f9\",\"name\":\"admin\",\"image\":{\"@type\":\"ImageObject\",\"inLanguage\":\"es\",\"@id\":\"https:\\\/\\\/secure.gravatar.com\\\/avatar\\\/83952e3d8f2dd8e4585599a06f137e4070a13a122750ff987dc72294da83e569?s=96&d=mm&r=g\",\"url\":\"https:\\\/\\\/secure.gravatar.com\\\/avatar\\\/83952e3d8f2dd8e4585599a06f137e4070a13a122750ff987dc72294da83e569?s=96&d=mm&r=g\",\"contentUrl\":\"https:\\\/\\\/secure.gravatar.com\\\/avatar\\\/83952e3d8f2dd8e4585599a06f137e4070a13a122750ff987dc72294da83e569?s=96&d=mm&r=g\",\"caption\":\"admin\"},\"sameAs\":[\"http:\\\/\\\/www.casadeentrerios.gov.ar\"],\"url\":\"https:\\\/\\\/www.casadeentrerios.gov.ar\\\/?author=1\"}]}<\/script>\n<!-- \/ Yoast SEO plugin. -->","yoast_head_json":{"title":"La Casa de Entre R\u00edos consolida una agenda de gesti\u00f3n, servicios y modernizaci\u00f3n en Buenos Aires - Casa de Entre Rios","robots":{"index":"index","follow":"follow","max-snippet":"max-snippet:-1","max-image-preview":"max-image-preview:large","max-video-preview":"max-video-preview:-1"},"canonical":"https:\/\/www.casadeentrerios.gov.ar\/?p=23487","og_locale":"es_ES","og_type":"article","og_title":"La Casa de Entre R\u00edos consolida una agenda de gesti\u00f3n, servicios y modernizaci\u00f3n en Buenos Aires - Casa de Entre Rios","og_description":"La Casa de Entre R\u00edos consolida una agenda de gesti\u00f3n, servicios y modernizaci\u00f3n en Buenos Aires Con nuevas herramientas digitales, m\u00e1s delegaciones y una agenda activa de articulaci\u00f3n institucional, la sede fortalece su rol como espacio de atenci\u00f3n y representaci\u00f3n de la provincia en CABA. Suscribite al newsletter de Casa de Entre Rios &gt;\u00a0REGISTRATE En [&hellip;]","og_url":"https:\/\/www.casadeentrerios.gov.ar\/?p=23487","og_site_name":"Casa de Entre Rios","article_published_time":"2026-05-26T23:38:13+00:00","article_modified_time":"2026-05-27T15:52:09+00:00","og_image":[{"width":700,"height":400,"url":"https:\/\/www.casadeentrerios.gov.ar\/wp-content\/uploads\/2026\/05\/img_3-1.png","type":"image\/png"}],"author":"admin","twitter_card":"summary_large_image","twitter_misc":{"Escrito por":"admin","Tiempo de lectura":"3 minutos"},"schema":{"@context":"https:\/\/schema.org","@graph":[{"@type":"Article","@id":"https:\/\/www.casadeentrerios.gov.ar\/?p=23487#article","isPartOf":{"@id":"https:\/\/www.casadeentrerios.gov.ar\/?p=23487"},"author":{"name":"admin","@id":"https:\/\/www.casadeentrerios.gov.ar\/#\/schema\/person\/8f711d99d59b83c941adf9e9960f36f9"},"headline":"La Casa de Entre R\u00edos consolida una agenda de gesti\u00f3n, servicios y modernizaci\u00f3n en Buenos Aires","datePublished":"2026-05-26T23:38:13+00:00","dateModified":"2026-05-27T15:52:09+00:00","mainEntityOfPage":{"@id":"https:\/\/www.casadeentrerios.gov.ar\/?p=23487"},"wordCount":613,"publisher":{"@id":"https:\/\/www.casadeentrerios.gov.ar\/#organization"},"image":{"@id":"https:\/\/www.casadeentrerios.gov.ar\/?p=23487#primaryimage"},"thumbnailUrl":"https:\/\/www.casadeentrerios.gov.ar\/wp-content\/uploads\/2026\/05\/img_3-1.png","inLanguage":"es"},{"@type":"WebPage","@id":"https:\/\/www.casadeentrerios.gov.ar\/?p=23487","url":"https:\/\/www.casadeentrerios.gov.ar\/?p=23487","name":"La Casa de Entre R\u00edos consolida una agenda de gesti\u00f3n, servicios y modernizaci\u00f3n en Buenos Aires - Casa de Entre Rios","isPartOf":{"@id":"https:\/\/www.casadeentrerios.gov.ar\/#website"},"primaryImageOfPage":{"@id":"https:\/\/www.casadeentrerios.gov.ar\/?p=23487#primaryimage"},"image":{"@id":"https:\/\/www.casadeentrerios.gov.ar\/?p=23487#primaryimage"},"thumbnailUrl":"https:\/\/www.casadeentrerios.gov.ar\/wp-content\/uploads\/2026\/05\/img_3-1.png","datePublished":"2026-05-26T23:38:13+00:00","dateModified":"2026-05-27T15:52:09+00:00","breadcrumb":{"@id":"https:\/\/www.casadeentrerios.gov.ar\/?p=23487#breadcrumb"},"inLanguage":"es","potentialAction":[{"@type":"ReadAction","target":["https:\/\/www.casadeentrerios.gov.ar\/?p=23487"]}]},{"@type":"ImageObject","inLanguage":"es","@id":"https:\/\/www.casadeentrerios.gov.ar\/?p=23487#primaryimage","url":"https:\/\/www.casadeentrerios.gov.ar\/wp-content\/uploads\/2026\/05\/img_3-1.png","contentUrl":"https:\/\/www.casadeentrerios.gov.ar\/wp-content\/uploads\/2026\/05\/img_3-1.png","width":700,"height":400},{"@type":"BreadcrumbList","@id":"https:\/\/www.casadeentrerios.gov.ar\/?p=23487#breadcrumb","itemListElement":[{"@type":"ListItem","position":1,"name":"Portada","item":"https:\/\/www.casadeentrerios.gov.ar\/"},{"@type":"ListItem","position":2,"name":"La Casa de Entre R\u00edos consolida una agenda de gesti\u00f3n, servicios y modernizaci\u00f3n en Buenos Aires"}]},{"@type":"WebSite","@id":"https:\/\/www.casadeentrerios.gov.ar\/#website","url":"https:\/\/www.casadeentrerios.gov.ar\/","name":"Casa de Entre Rios","description":"Representaci\u00f3n del Gobierno de Entre Rios en CABA","publisher":{"@id":"https:\/\/www.casadeentrerios.gov.ar\/#organization"},"potentialAction":[{"@type":"SearchAction","target":{"@type":"EntryPoint","urlTemplate":"https:\/\/www.casadeentrerios.gov.ar\/?s={search_term_string}"},"query-input":{"@type":"PropertyValueSpecification","valueRequired":true,"valueName":"search_term_string"}}],"inLanguage":"es"},{"@type":"Organization","@id":"https:\/\/www.casadeentrerios.gov.ar\/#organization","name":"Casa de Entre Rios","url":"https:\/\/www.casadeentrerios.gov.ar\/","logo":{"@type":"ImageObject","inLanguage":"es","@id":"https:\/\/www.casadeentrerios.gov.ar\/#\/schema\/logo\/image\/","url":"https:\/\/www.casadeentrerios.gov.ar\/wp-content\/uploads\/2021\/07\/img_cer_1.png","contentUrl":"https:\/\/www.casadeentrerios.gov.ar\/wp-content\/uploads\/2021\/07\/img_cer_1.png","width":416,"height":87,"caption":"Casa de Entre Rios"},"image":{"@id":"https:\/\/www.casadeentrerios.gov.ar\/#\/schema\/logo\/image\/"}},{"@type":"Person","@id":"https:\/\/www.casadeentrerios.gov.ar\/#\/schema\/person\/8f711d99d59b83c941adf9e9960f36f9","name":"admin","image":{"@type":"ImageObject","inLanguage":"es","@id":"https:\/\/secure.gravatar.com\/avatar\/83952e3d8f2dd8e4585599a06f137e4070a13a122750ff987dc72294da83e569?s=96&d=mm&r=g","url":"https:\/\/secure.gravatar.com\/avatar\/83952e3d8f2dd8e4585599a06f137e4070a13a122750ff987dc72294da83e569?s=96&d=mm&r=g","contentUrl":"https:\/\/secure.gravatar.com\/avatar\/83952e3d8f2dd8e4585599a06f137e4070a13a122750ff987dc72294da83e569?s=96&d=mm&r=g","caption":"admin"},"sameAs":["http:\/\/www.casadeentrerios.gov.ar"],"url":"https:\/\/www.casadeentrerios.gov.ar\/?author=1"}]}},"_links":{"self":[{"href":"https:\/\/www.casadeentrerios.gov.ar\/index.php?rest_route=\/wp\/v2\/posts\/23487","targetHints":{"allow":["GET"]}}],"collection":[{"href":"https:\/\/www.casadeentrerios.gov.ar\/index.php?rest_route=\/wp\/v2\/posts"}],"about":[{"href":"https:\/\/www.casadeentrerios.gov.ar\/index.php?rest_route=\/wp\/v2\/types\/post"}],"author":[{"embeddable":true,"href":"https:\/\/www.casadeentrerios.gov.ar\/index.php?rest_route=\/wp\/v2\/users\/1"}],"replies":[{"embeddable":true,"href":"https:\/\/www.casadeentrerios.gov.ar\/index.php?rest_route=%2Fwp%2Fv2%2Fcomments&post=23487"}],"version-history":[{"count":26,"href":"https:\/\/www.casadeentrerios.gov.ar\/index.php?rest_route=\/wp\/v2\/posts\/23487\/revisions"}],"predecessor-version":[{"id":23521,"href":"https:\/\/www.casadeentrerios.gov.ar\/index.php?rest_route=\/wp\/v2\/posts\/23487\/revisions\/23521"}],"wp:featuredmedia":[{"embeddable":true,"href":"https:\/\/www.casadeentrerios.gov.ar\/index.php?rest_route=\/wp\/v2\/media\/23506"}],"wp:attachment":[{"href":"https:\/\/www.casadeentrerios.gov.ar\/index.php?rest_route=%2Fwp%2Fv2%2Fmedia&parent=23487"}],"wp:term":[{"taxonomy":"category","embeddable":true,"href":"https:\/\/www.casadeentrerios.gov.ar\/index.php?rest_route=%2Fwp%2Fv2%2Fcategories&post=23487"},{"taxonomy":"post_tag","embeddable":true,"href":"https:\/\/www.casadeentrerios.gov.ar\/index.php?rest_route=%2Fwp%2Fv2%2Ftags&post=23487"}],"curies":[{"name":"wp","href":"https:\/\/api.w.org\/{rel}","templated":true}]}}