{"id":23755,"date":"2026-06-03T13:11:29","date_gmt":"2026-06-03T13:11:29","guid":{"rendered":"https:\/\/www.casadeentrerios.gov.ar\/?p=23755"},"modified":"2026-06-04T13:59:40","modified_gmt":"2026-06-04T13:59:40","slug":"promocion-cultural-y-articulacion-federal-marcaron-la-agenda-de-mayo-en-casa-de-entre-rios","status":"publish","type":"post","link":"https:\/\/www.casadeentrerios.gov.ar\/?p=23755","title":{"rendered":"Promoci\u00f3n cultural y articulaci\u00f3n federal marcaron la agenda de mayo en Casa de Entre R\u00edos"},"content":{"rendered":"\t\t<div data-elementor-type=\"wp-post\" data-elementor-id=\"23755\" class=\"elementor elementor-23755\" data-elementor-post-type=\"post\">\n\t\t\t\t\t\t<section class=\"elementor-section elementor-top-section elementor-element elementor-element-838ebff elementor-section-boxed elementor-section-height-default elementor-section-height-default\" data-id=\"838ebff\" data-element_type=\"section\" data-e-type=\"section\">\n\t\t\t\t\t\t<div class=\"elementor-container elementor-column-gap-default\">\n\t\t\t\t\t<div class=\"elementor-column elementor-col-100 elementor-top-column elementor-element elementor-element-2e9b4dd\" data-id=\"2e9b4dd\" data-element_type=\"column\" data-e-type=\"column\">\n\t\t\t<div class=\"elementor-widget-wrap elementor-element-populated\">\n\t\t\t\t\t\t<div class=\"elementor-element elementor-element-1c9775c elementor-widget elementor-widget-spacer\" data-id=\"1c9775c\" data-element_type=\"widget\" data-e-type=\"widget\" data-widget_type=\"spacer.default\">\n\t\t\t\t<div class=\"elementor-widget-container\">\n\t\t\t\t\t\t\t<div class=\"elementor-spacer\">\n\t\t\t<div class=\"elementor-spacer-inner\"><\/div>\n\t\t<\/div>\n\t\t\t\t\t\t<\/div>\n\t\t\t\t<\/div>\n\t\t\t\t\t<\/div>\n\t\t<\/div>\n\t\t\t\t\t<\/div>\n\t\t<\/section>\n\t\t\t\t<section class=\"elementor-section elementor-top-section elementor-element elementor-element-51a50915 elementor-section-boxed elementor-section-height-default elementor-section-height-default\" data-id=\"51a50915\" data-element_type=\"section\" data-e-type=\"section\">\n\t\t\t\t\t\t<div class=\"elementor-container elementor-column-gap-default\">\n\t\t\t\t\t<div class=\"elementor-column elementor-col-100 elementor-top-column elementor-element elementor-element-1c43a3cc\" data-id=\"1c43a3cc\" data-element_type=\"column\" data-e-type=\"column\">\n\t\t\t<div class=\"elementor-widget-wrap elementor-element-populated\">\n\t\t\t\t\t\t<div class=\"elementor-element elementor-element-4c5c29fb elementor-widget elementor-widget-heading\" data-id=\"4c5c29fb\" data-element_type=\"widget\" data-e-type=\"widget\" data-widget_type=\"heading.default\">\n\t\t\t\t<div class=\"elementor-widget-container\">\n\t\t\t\t\t<h2 class=\"elementor-heading-title elementor-size-default\">Promoci\u00f3n cultural y articulaci\u00f3n federal marcaron la agenda de mayo en Casa de Entre R\u00edos<\/h2>\t\t\t\t<\/div>\n\t\t\t\t<\/div>\n\t\t\t\t\t<\/div>\n\t\t<\/div>\n\t\t\t\t\t<\/div>\n\t\t<\/section>\n\t\t\t\t<section class=\"elementor-section elementor-top-section elementor-element elementor-element-3ccd3d37 elementor-section-boxed elementor-section-height-default elementor-section-height-default\" data-id=\"3ccd3d37\" data-element_type=\"section\" data-e-type=\"section\">\n\t\t\t\t\t\t<div class=\"elementor-container elementor-column-gap-default\">\n\t\t\t\t\t<div class=\"elementor-column elementor-col-100 elementor-top-column elementor-element elementor-element-70521e5c\" data-id=\"70521e5c\" data-element_type=\"column\" data-e-type=\"column\">\n\t\t\t<div class=\"elementor-widget-wrap elementor-element-populated\">\n\t\t\t\t\t\t<div class=\"elementor-element elementor-element-12deb3fb elementor-widget elementor-widget-text-editor\" data-id=\"12deb3fb\" data-element_type=\"widget\" data-e-type=\"widget\" data-widget_type=\"text-editor.default\">\n\t\t\t\t<div class=\"elementor-widget-container\">\n\t\t\t\t\t\t\t\t\t<p>Durante mayo, la Representaci\u00f3n del Gobierno de Entre R\u00edos en Buenos Aires desarroll\u00f3 una agenda de trabajo orientada a fortalecer la presencia institucional de la provincia en la Ciudad Aut\u00f3noma de Buenos Aires mediante acciones de promoci\u00f3n cultural, cooperaci\u00f3n institucional y articulaci\u00f3n con organismos, representaciones provinciales y actores de distintos \u00e1mbitos.<\/p>\t\t\t\t\t\t\t\t<\/div>\n\t\t\t\t<\/div>\n\t\t\t\t\t<\/div>\n\t\t<\/div>\n\t\t\t\t\t<\/div>\n\t\t<\/section>\n\t\t\t\t<section class=\"elementor-section elementor-top-section elementor-element elementor-element-22552f64 elementor-section-boxed elementor-section-height-default elementor-section-height-default\" data-id=\"22552f64\" data-element_type=\"section\" data-e-type=\"section\">\n\t\t\t\t\t\t<div class=\"elementor-container elementor-column-gap-default\">\n\t\t\t\t\t<div class=\"elementor-column elementor-col-66 elementor-top-column elementor-element elementor-element-5121d92d\" data-id=\"5121d92d\" data-element_type=\"column\" data-e-type=\"column\">\n\t\t\t<div class=\"elementor-widget-wrap elementor-element-populated\">\n\t\t\t\t\t\t<div class=\"elementor-element elementor-element-7a8360a1 elementor-widget elementor-widget-text-editor\" data-id=\"7a8360a1\" data-element_type=\"widget\" data-e-type=\"widget\" data-widget_type=\"text-editor.default\">\n\t\t\t\t<div class=\"elementor-widget-container\">\n\t\t\t\t\t\t\t\t\t<p><strong>Suscribite al newsletter de Casa de Entre Rios &gt;<span style=\"color: #008000;\">\u00a0<a style=\"color: #008000;\" href=\"https:\/\/www.casadeentrerios.gov.ar\/?page_id=2808\" target=\"_blank\" rel=\"noopener\">REGISTRATE<\/a><\/span><\/strong><\/p>\t\t\t\t\t\t\t\t<\/div>\n\t\t\t\t<\/div>\n\t\t\t\t<div class=\"elementor-element elementor-element-4c02219 elementor-widget elementor-widget-text-editor\" data-id=\"4c02219\" data-element_type=\"widget\" data-e-type=\"widget\" data-widget_type=\"text-editor.default\">\n\t\t\t\t<div class=\"elementor-widget-container\">\n\t\t\t\t\t\t\t\t\t<div class=\"flex flex-grow flex-col gap-3\"><div class=\"min-h-[20px] flex flex-col items-start gap-4 whitespace-pre-wrap\"><div class=\"markdown prose w-full break-words dark:prose-invert light\"><p class=\"isSelectedEnd\">La actividad en la sede incluy\u00f3 la presentaci\u00f3n del Coro Isidro Maiztegui de Gualeguay, la jornada \u201cApicultura: proyecci\u00f3n internacional y oportunidades del acuerdo UE\u2013Mercosur\u201d, la presentaci\u00f3n del libro \u201cMisi\u00f3n Amor\u201d de Patricia Servat. Asimismo, la Casa de Entre R\u00edos fue sede de la 40\u00b0 Asamblea General Ordinaria de la Federaci\u00f3n Nacional de Operadores de Mercados Frutihort\u00edcolas de la Rep\u00fablica Argentina (FENAOMFRA), que reuni\u00f3 a representantes de mercados concentradores de distintas provincias.<\/p><p>La agenda cultural tambi\u00e9n contempl\u00f3 el acompa\u00f1amiento institucional a actividades realizadas en distintos espacios de la Ciudad de Buenos Aires. Entre ellas se destac\u00f3 la participaci\u00f3n del equipo de Cultura de la Representaci\u00f3n en la Feria Internacional del Libro, en articulaci\u00f3n con la Editorial de Entre R\u00edos, colaborando en la atenci\u00f3n del stand provincial durante toda la feria. Adem\u00e1s, se acompa\u00f1\u00f3 la presentaci\u00f3n de la muestra \u201cConversaciones en la Bruma\u201d de la artista paranaense Karen Spahn en el Museo Nacional de Arte Oriental y la participaci\u00f3n de la artista Carina Amarillo, de Concepci\u00f3n del Uruguay, en el 81\u00b0 Sal\u00f3n Nacional de Artes Visuales.<\/p><p class=\"isSelectedEnd\">En materia de vinculaci\u00f3n institucional, se desarrollaron acciones junto a organismos nacionales, fundaciones y representaciones diplom\u00e1ticas. Entre ellas se destacan la participaci\u00f3n del equipo de Acci\u00f3n Social en una jornada de capacitaci\u00f3n organizada por el INCUCAI y la presencia institucional en la conferencia \u201cArgentina Federal Productiva. Desaf\u00edos y Oportunidades\u201d, impulsada por la Fundaci\u00f3n Mediterr\u00e1nea.<\/p><p class=\"isSelectedEnd\">Asimismo, la Representaci\u00f3n avanz\u00f3 junto a la Embajada de la Rep\u00fablica de Chipre en la organizaci\u00f3n de una muestra internacional sobre tradiciones carnavalescas que ser\u00e1 presentada en la Casa de Entre R\u00edos, una iniciativa orientada a fortalecer los v\u00ednculos de cooperaci\u00f3n cultural internacional. La agenda institucional tambi\u00e9n incluy\u00f3 actividades de intercambio y vinculaci\u00f3n junto a representantes de la Rep\u00fablica del Paraguay y de la comunidad china en la Argentina.<\/p><p class=\"isSelectedEnd\">Uno de los ejes de trabajo del mes estuvo vinculado a la cooperaci\u00f3n con otras provincias. En ese marco, la Representaci\u00f3n particip\u00f3 junto a los equipos de Cultura de distintas provincias en la organizaci\u00f3n del conversatorio \u201cArgentina, una independencia en plural\u201d, una propuesta orientada a promover una mirada federal sobre el proceso de independencia.<\/p><p class=\"isSelectedEnd\">Por otra parte, se avanz\u00f3 junto a la Casa de Corrientes en la planificaci\u00f3n de un homenaje a Tarrag\u00f3 Ros, figura emblem\u00e1tica del chamam\u00e9 y referente de la cultura litorale\u00f1a. La iniciativa forma parte de una agenda de trabajo conjunta destinada a fortalecer los v\u00ednculos culturales entre ambas provincias.<\/p><p class=\"isSelectedEnd\">La agenda interprovincial tambi\u00e9n incluy\u00f3 el acompa\u00f1amiento institucional a actividades culturales organizadas por otras representaciones provinciales. En ese sentido se participo de las muestra \u201cGeometr\u00edas del Silencio\u201d en la Casa de Santa Fe, de la exposici\u00f3n \u201cColores del Pehu\u00e9n\u201d en la Casa del Neuqu\u00e9n y de la proyecci\u00f3n del documental \u201cColorada\u201d en la Casa de Misiones.<\/p><p>Las acciones desarrolladas durante mayo permitieron consolidar una agenda diversa de trabajo, fortaleciendo la presencia institucional de Entre R\u00edos en Buenos Aires y promoviendo espacios de encuentro, cooperaci\u00f3n e intercambio con distintos actores del \u00e1mbito cultural, institucional y federal.<\/p><\/div><\/div><\/div>\t\t\t\t\t\t\t\t<\/div>\n\t\t\t\t<\/div>\n\t\t\t\t<div class=\"elementor-element elementor-element-9037076 elementor-widget elementor-widget-text-editor\" data-id=\"9037076\" data-element_type=\"widget\" data-e-type=\"widget\" data-widget_type=\"text-editor.default\">\n\t\t\t\t<div class=\"elementor-widget-container\">\n\t\t\t\t\t\t\t\t\t<p><span style=\"color: var( --e-global-color-dea41e4 ); font-size: var( --e-global-typography-b2ce6af-font-size ); letter-spacing: var( --e-global-typography-b2ce6af-letter-spacing ); word-spacing: var( --e-global-typography-b2ce6af-word-spacing );\">&#8211;<\/span><\/p><p><strong>Equipo de Prensa<\/strong><\/p><p>prensa@casadeentrerios.gov.ar<\/p>\t\t\t\t\t\t\t\t<\/div>\n\t\t\t\t<\/div>\n\t\t\t\t<div class=\"elementor-element elementor-element-5e4672ef elementor-widget elementor-widget-text-editor\" data-id=\"5e4672ef\" data-element_type=\"widget\" data-e-type=\"widget\" data-widget_type=\"text-editor.default\">\n\t\t\t\t<div class=\"elementor-widget-container\">\n\t\t\t\t\t\t\t\t\t<p><strong style=\"color: var( --e-global-color-dea41e4 ); letter-spacing: var( --e-global-typography-b2ce6af-letter-spacing ); word-spacing: var( --e-global-typography-b2ce6af-word-spacing );\">Suscribite al newsletter de Casa de Entre Rios &gt;<span style=\"color: #008000;\">\u00a0<a style=\"color: #008000;\" href=\"https:\/\/www.casadeentrerios.gov.ar\/?page_id=2808\" target=\"_blank\" rel=\"noopener\">REGISTRATE<\/a><\/span><\/strong><\/p>\t\t\t\t\t\t\t\t<\/div>\n\t\t\t\t<\/div>\n\t\t\t\t\t<\/div>\n\t\t<\/div>\n\t\t\t\t<div class=\"elementor-column elementor-col-33 elementor-top-column elementor-element elementor-element-7279792f\" data-id=\"7279792f\" data-element_type=\"column\" data-e-type=\"column\">\n\t\t\t<div class=\"elementor-widget-wrap\">\n\t\t\t\t\t\t\t<\/div>\n\t\t<\/div>\n\t\t\t\t\t<\/div>\n\t\t<\/section>\n\t\t\t\t<section class=\"elementor-section elementor-top-section elementor-element elementor-element-4248e30 elementor-section-boxed elementor-section-height-default elementor-section-height-default\" data-id=\"4248e30\" data-element_type=\"section\" data-e-type=\"section\">\n\t\t\t\t\t\t<div class=\"elementor-container elementor-column-gap-default\">\n\t\t\t\t\t<div class=\"elementor-column elementor-col-100 elementor-top-column elementor-element elementor-element-a266c29\" data-id=\"a266c29\" data-element_type=\"column\" data-e-type=\"column\">\n\t\t\t<div class=\"elementor-widget-wrap elementor-element-populated\">\n\t\t\t\t\t\t<div class=\"elementor-element elementor-element-7ba1145 elementor-widget elementor-widget-spacer\" data-id=\"7ba1145\" data-element_type=\"widget\" data-e-type=\"widget\" data-widget_type=\"spacer.default\">\n\t\t\t\t<div class=\"elementor-widget-container\">\n\t\t\t\t\t\t\t<div class=\"elementor-spacer\">\n\t\t\t<div class=\"elementor-spacer-inner\"><\/div>\n\t\t<\/div>\n\t\t\t\t\t\t<\/div>\n\t\t\t\t<\/div>\n\t\t\t\t\t<\/div>\n\t\t<\/div>\n\t\t\t\t\t<\/div>\n\t\t<\/section>\n\t\t\t\t<\/div>\n\t\t","protected":false},"excerpt":{"rendered":"<p>Promoci\u00f3n cultural y articulaci\u00f3n federal marcaron la agenda de mayo en Casa de Entre R\u00edos Durante mayo, la Representaci\u00f3n del Gobierno de Entre R\u00edos en Buenos Aires desarroll\u00f3 una agenda de trabajo orientada a fortalecer la presencia institucional de la provincia en la Ciudad Aut\u00f3noma de Buenos Aires mediante acciones de promoci\u00f3n cultural, cooperaci\u00f3n institucional [&hellip;]<\/p>\n","protected":false},"author":1,"featured_media":0,"comment_status":"closed","ping_status":"open","sticky":false,"template":"","format":"standard","meta":{"footnotes":""},"categories":[1],"tags":[],"class_list":["post-23755","post","type-post","status-publish","format-standard","hentry","category-sin-categoria"],"yoast_head":"<!-- This site is optimized with the Yoast SEO plugin v27.5 - https:\/\/yoast.com\/product\/yoast-seo-wordpress\/ -->\n<title>Promoci\u00f3n cultural y articulaci\u00f3n federal marcaron la agenda de mayo en Casa de Entre R\u00edos - Casa de Entre Rios<\/title>\n<meta name=\"robots\" content=\"index, follow, max-snippet:-1, max-image-preview:large, max-video-preview:-1\" \/>\n<link rel=\"canonical\" href=\"https:\/\/www.casadeentrerios.gov.ar\/?p=23755\" \/>\n<meta property=\"og:locale\" content=\"es_ES\" \/>\n<meta property=\"og:type\" content=\"article\" \/>\n<meta property=\"og:title\" content=\"Promoci\u00f3n cultural y articulaci\u00f3n federal marcaron la agenda de mayo en Casa de Entre R\u00edos - Casa de Entre Rios\" \/>\n<meta property=\"og:description\" content=\"Promoci\u00f3n cultural y articulaci\u00f3n federal marcaron la agenda de mayo en Casa de Entre R\u00edos Durante mayo, la Representaci\u00f3n del Gobierno de Entre R\u00edos en Buenos Aires desarroll\u00f3 una agenda de trabajo orientada a fortalecer la presencia institucional de la provincia en la Ciudad Aut\u00f3noma de Buenos Aires mediante acciones de promoci\u00f3n cultural, cooperaci\u00f3n institucional [&hellip;]\" \/>\n<meta property=\"og:url\" content=\"https:\/\/www.casadeentrerios.gov.ar\/?p=23755\" \/>\n<meta property=\"og:site_name\" content=\"Casa de Entre Rios\" \/>\n<meta property=\"article:published_time\" content=\"2026-06-03T13:11:29+00:00\" \/>\n<meta property=\"article:modified_time\" content=\"2026-06-04T13:59:40+00:00\" \/>\n<meta name=\"author\" content=\"admin\" \/>\n<meta name=\"twitter:card\" content=\"summary_large_image\" \/>\n<meta name=\"twitter:label1\" content=\"Escrito por\" \/>\n\t<meta name=\"twitter:data1\" content=\"admin\" \/>\n\t<meta name=\"twitter:label2\" content=\"Tiempo de lectura\" \/>\n\t<meta name=\"twitter:data2\" content=\"3 minutos\" \/>\n<script type=\"application\/ld+json\" class=\"yoast-schema-graph\">{\"@context\":\"https:\\\/\\\/schema.org\",\"@graph\":[{\"@type\":\"Article\",\"@id\":\"https:\\\/\\\/www.casadeentrerios.gov.ar\\\/?p=23755#article\",\"isPartOf\":{\"@id\":\"https:\\\/\\\/www.casadeentrerios.gov.ar\\\/?p=23755\"},\"author\":{\"name\":\"admin\",\"@id\":\"https:\\\/\\\/www.casadeentrerios.gov.ar\\\/#\\\/schema\\\/person\\\/8f711d99d59b83c941adf9e9960f36f9\"},\"headline\":\"Promoci\u00f3n cultural y articulaci\u00f3n federal marcaron la agenda de mayo en Casa de Entre R\u00edos\",\"datePublished\":\"2026-06-03T13:11:29+00:00\",\"dateModified\":\"2026-06-04T13:59:40+00:00\",\"mainEntityOfPage\":{\"@id\":\"https:\\\/\\\/www.casadeentrerios.gov.ar\\\/?p=23755\"},\"wordCount\":668,\"publisher\":{\"@id\":\"https:\\\/\\\/www.casadeentrerios.gov.ar\\\/#organization\"},\"inLanguage\":\"es\"},{\"@type\":\"WebPage\",\"@id\":\"https:\\\/\\\/www.casadeentrerios.gov.ar\\\/?p=23755\",\"url\":\"https:\\\/\\\/www.casadeentrerios.gov.ar\\\/?p=23755\",\"name\":\"Promoci\u00f3n cultural y articulaci\u00f3n federal marcaron la agenda de mayo en Casa de Entre R\u00edos - Casa de Entre Rios\",\"isPartOf\":{\"@id\":\"https:\\\/\\\/www.casadeentrerios.gov.ar\\\/#website\"},\"datePublished\":\"2026-06-03T13:11:29+00:00\",\"dateModified\":\"2026-06-04T13:59:40+00:00\",\"breadcrumb\":{\"@id\":\"https:\\\/\\\/www.casadeentrerios.gov.ar\\\/?p=23755#breadcrumb\"},\"inLanguage\":\"es\",\"potentialAction\":[{\"@type\":\"ReadAction\",\"target\":[\"https:\\\/\\\/www.casadeentrerios.gov.ar\\\/?p=23755\"]}]},{\"@type\":\"BreadcrumbList\",\"@id\":\"https:\\\/\\\/www.casadeentrerios.gov.ar\\\/?p=23755#breadcrumb\",\"itemListElement\":[{\"@type\":\"ListItem\",\"position\":1,\"name\":\"Portada\",\"item\":\"https:\\\/\\\/www.casadeentrerios.gov.ar\\\/\"},{\"@type\":\"ListItem\",\"position\":2,\"name\":\"Promoci\u00f3n cultural y articulaci\u00f3n federal marcaron la agenda de mayo en Casa de Entre R\u00edos\"}]},{\"@type\":\"WebSite\",\"@id\":\"https:\\\/\\\/www.casadeentrerios.gov.ar\\\/#website\",\"url\":\"https:\\\/\\\/www.casadeentrerios.gov.ar\\\/\",\"name\":\"Casa de Entre Rios\",\"description\":\"Representaci\u00f3n del Gobierno de Entre Rios en CABA\",\"publisher\":{\"@id\":\"https:\\\/\\\/www.casadeentrerios.gov.ar\\\/#organization\"},\"potentialAction\":[{\"@type\":\"SearchAction\",\"target\":{\"@type\":\"EntryPoint\",\"urlTemplate\":\"https:\\\/\\\/www.casadeentrerios.gov.ar\\\/?s={search_term_string}\"},\"query-input\":{\"@type\":\"PropertyValueSpecification\",\"valueRequired\":true,\"valueName\":\"search_term_string\"}}],\"inLanguage\":\"es\"},{\"@type\":\"Organization\",\"@id\":\"https:\\\/\\\/www.casadeentrerios.gov.ar\\\/#organization\",\"name\":\"Casa de Entre Rios\",\"url\":\"https:\\\/\\\/www.casadeentrerios.gov.ar\\\/\",\"logo\":{\"@type\":\"ImageObject\",\"inLanguage\":\"es\",\"@id\":\"https:\\\/\\\/www.casadeentrerios.gov.ar\\\/#\\\/schema\\\/logo\\\/image\\\/\",\"url\":\"https:\\\/\\\/www.casadeentrerios.gov.ar\\\/wp-content\\\/uploads\\\/2021\\\/07\\\/img_cer_1.png\",\"contentUrl\":\"https:\\\/\\\/www.casadeentrerios.gov.ar\\\/wp-content\\\/uploads\\\/2021\\\/07\\\/img_cer_1.png\",\"width\":416,\"height\":87,\"caption\":\"Casa de Entre Rios\"},\"image\":{\"@id\":\"https:\\\/\\\/www.casadeentrerios.gov.ar\\\/#\\\/schema\\\/logo\\\/image\\\/\"}},{\"@type\":\"Person\",\"@id\":\"https:\\\/\\\/www.casadeentrerios.gov.ar\\\/#\\\/schema\\\/person\\\/8f711d99d59b83c941adf9e9960f36f9\",\"name\":\"admin\",\"image\":{\"@type\":\"ImageObject\",\"inLanguage\":\"es\",\"@id\":\"https:\\\/\\\/secure.gravatar.com\\\/avatar\\\/83952e3d8f2dd8e4585599a06f137e4070a13a122750ff987dc72294da83e569?s=96&d=mm&r=g\",\"url\":\"https:\\\/\\\/secure.gravatar.com\\\/avatar\\\/83952e3d8f2dd8e4585599a06f137e4070a13a122750ff987dc72294da83e569?s=96&d=mm&r=g\",\"contentUrl\":\"https:\\\/\\\/secure.gravatar.com\\\/avatar\\\/83952e3d8f2dd8e4585599a06f137e4070a13a122750ff987dc72294da83e569?s=96&d=mm&r=g\",\"caption\":\"admin\"},\"sameAs\":[\"http:\\\/\\\/www.casadeentrerios.gov.ar\"],\"url\":\"https:\\\/\\\/www.casadeentrerios.gov.ar\\\/?author=1\"}]}<\/script>\n<!-- \/ Yoast SEO plugin. -->","yoast_head_json":{"title":"Promoci\u00f3n cultural y articulaci\u00f3n federal marcaron la agenda de mayo en Casa de Entre R\u00edos - Casa de Entre Rios","robots":{"index":"index","follow":"follow","max-snippet":"max-snippet:-1","max-image-preview":"max-image-preview:large","max-video-preview":"max-video-preview:-1"},"canonical":"https:\/\/www.casadeentrerios.gov.ar\/?p=23755","og_locale":"es_ES","og_type":"article","og_title":"Promoci\u00f3n cultural y articulaci\u00f3n federal marcaron la agenda de mayo en Casa de Entre R\u00edos - Casa de Entre Rios","og_description":"Promoci\u00f3n cultural y articulaci\u00f3n federal marcaron la agenda de mayo en Casa de Entre R\u00edos Durante mayo, la Representaci\u00f3n del Gobierno de Entre R\u00edos en Buenos Aires desarroll\u00f3 una agenda de trabajo orientada a fortalecer la presencia institucional de la provincia en la Ciudad Aut\u00f3noma de Buenos Aires mediante acciones de promoci\u00f3n cultural, cooperaci\u00f3n institucional [&hellip;]","og_url":"https:\/\/www.casadeentrerios.gov.ar\/?p=23755","og_site_name":"Casa de Entre Rios","article_published_time":"2026-06-03T13:11:29+00:00","article_modified_time":"2026-06-04T13:59:40+00:00","author":"admin","twitter_card":"summary_large_image","twitter_misc":{"Escrito por":"admin","Tiempo de lectura":"3 minutos"},"schema":{"@context":"https:\/\/schema.org","@graph":[{"@type":"Article","@id":"https:\/\/www.casadeentrerios.gov.ar\/?p=23755#article","isPartOf":{"@id":"https:\/\/www.casadeentrerios.gov.ar\/?p=23755"},"author":{"name":"admin","@id":"https:\/\/www.casadeentrerios.gov.ar\/#\/schema\/person\/8f711d99d59b83c941adf9e9960f36f9"},"headline":"Promoci\u00f3n cultural y articulaci\u00f3n federal marcaron la agenda de mayo en Casa de Entre R\u00edos","datePublished":"2026-06-03T13:11:29+00:00","dateModified":"2026-06-04T13:59:40+00:00","mainEntityOfPage":{"@id":"https:\/\/www.casadeentrerios.gov.ar\/?p=23755"},"wordCount":668,"publisher":{"@id":"https:\/\/www.casadeentrerios.gov.ar\/#organization"},"inLanguage":"es"},{"@type":"WebPage","@id":"https:\/\/www.casadeentrerios.gov.ar\/?p=23755","url":"https:\/\/www.casadeentrerios.gov.ar\/?p=23755","name":"Promoci\u00f3n cultural y articulaci\u00f3n federal marcaron la agenda de mayo en Casa de Entre R\u00edos - Casa de Entre Rios","isPartOf":{"@id":"https:\/\/www.casadeentrerios.gov.ar\/#website"},"datePublished":"2026-06-03T13:11:29+00:00","dateModified":"2026-06-04T13:59:40+00:00","breadcrumb":{"@id":"https:\/\/www.casadeentrerios.gov.ar\/?p=23755#breadcrumb"},"inLanguage":"es","potentialAction":[{"@type":"ReadAction","target":["https:\/\/www.casadeentrerios.gov.ar\/?p=23755"]}]},{"@type":"BreadcrumbList","@id":"https:\/\/www.casadeentrerios.gov.ar\/?p=23755#breadcrumb","itemListElement":[{"@type":"ListItem","position":1,"name":"Portada","item":"https:\/\/www.casadeentrerios.gov.ar\/"},{"@type":"ListItem","position":2,"name":"Promoci\u00f3n cultural y articulaci\u00f3n federal marcaron la agenda de mayo en Casa de Entre R\u00edos"}]},{"@type":"WebSite","@id":"https:\/\/www.casadeentrerios.gov.ar\/#website","url":"https:\/\/www.casadeentrerios.gov.ar\/","name":"Casa de Entre Rios","description":"Representaci\u00f3n del Gobierno de Entre Rios en CABA","publisher":{"@id":"https:\/\/www.casadeentrerios.gov.ar\/#organization"},"potentialAction":[{"@type":"SearchAction","target":{"@type":"EntryPoint","urlTemplate":"https:\/\/www.casadeentrerios.gov.ar\/?s={search_term_string}"},"query-input":{"@type":"PropertyValueSpecification","valueRequired":true,"valueName":"search_term_string"}}],"inLanguage":"es"},{"@type":"Organization","@id":"https:\/\/www.casadeentrerios.gov.ar\/#organization","name":"Casa de Entre Rios","url":"https:\/\/www.casadeentrerios.gov.ar\/","logo":{"@type":"ImageObject","inLanguage":"es","@id":"https:\/\/www.casadeentrerios.gov.ar\/#\/schema\/logo\/image\/","url":"https:\/\/www.casadeentrerios.gov.ar\/wp-content\/uploads\/2021\/07\/img_cer_1.png","contentUrl":"https:\/\/www.casadeentrerios.gov.ar\/wp-content\/uploads\/2021\/07\/img_cer_1.png","width":416,"height":87,"caption":"Casa de Entre Rios"},"image":{"@id":"https:\/\/www.casadeentrerios.gov.ar\/#\/schema\/logo\/image\/"}},{"@type":"Person","@id":"https:\/\/www.casadeentrerios.gov.ar\/#\/schema\/person\/8f711d99d59b83c941adf9e9960f36f9","name":"admin","image":{"@type":"ImageObject","inLanguage":"es","@id":"https:\/\/secure.gravatar.com\/avatar\/83952e3d8f2dd8e4585599a06f137e4070a13a122750ff987dc72294da83e569?s=96&d=mm&r=g","url":"https:\/\/secure.gravatar.com\/avatar\/83952e3d8f2dd8e4585599a06f137e4070a13a122750ff987dc72294da83e569?s=96&d=mm&r=g","contentUrl":"https:\/\/secure.gravatar.com\/avatar\/83952e3d8f2dd8e4585599a06f137e4070a13a122750ff987dc72294da83e569?s=96&d=mm&r=g","caption":"admin"},"sameAs":["http:\/\/www.casadeentrerios.gov.ar"],"url":"https:\/\/www.casadeentrerios.gov.ar\/?author=1"}]}},"_links":{"self":[{"href":"https:\/\/www.casadeentrerios.gov.ar\/index.php?rest_route=\/wp\/v2\/posts\/23755","targetHints":{"allow":["GET"]}}],"collection":[{"href":"https:\/\/www.casadeentrerios.gov.ar\/index.php?rest_route=\/wp\/v2\/posts"}],"about":[{"href":"https:\/\/www.casadeentrerios.gov.ar\/index.php?rest_route=\/wp\/v2\/types\/post"}],"author":[{"embeddable":true,"href":"https:\/\/www.casadeentrerios.gov.ar\/index.php?rest_route=\/wp\/v2\/users\/1"}],"replies":[{"embeddable":true,"href":"https:\/\/www.casadeentrerios.gov.ar\/index.php?rest_route=%2Fwp%2Fv2%2Fcomments&post=23755"}],"version-history":[{"count":27,"href":"https:\/\/www.casadeentrerios.gov.ar\/index.php?rest_route=\/wp\/v2\/posts\/23755\/revisions"}],"predecessor-version":[{"id":23805,"href":"https:\/\/www.casadeentrerios.gov.ar\/index.php?rest_route=\/wp\/v2\/posts\/23755\/revisions\/23805"}],"wp:attachment":[{"href":"https:\/\/www.casadeentrerios.gov.ar\/index.php?rest_route=%2Fwp%2Fv2%2Fmedia&parent=23755"}],"wp:term":[{"taxonomy":"category","embeddable":true,"href":"https:\/\/www.casadeentrerios.gov.ar\/index.php?rest_route=%2Fwp%2Fv2%2Fcategories&post=23755"},{"taxonomy":"post_tag","embeddable":true,"href":"https:\/\/www.casadeentrerios.gov.ar\/index.php?rest_route=%2Fwp%2Fv2%2Ftags&post=23755"}],"curies":[{"name":"wp","href":"https:\/\/api.w.org\/{rel}","templated":true}]}}