{"id":23980,"date":"2026-06-11T16:44:43","date_gmt":"2026-06-11T16:44:43","guid":{"rendered":"https:\/\/www.casadeentrerios.gov.ar\/?p=23980"},"modified":"2026-06-16T16:19:01","modified_gmt":"2026-06-16T16:19:01","slug":"entre-rios-presenta-su-temporada-de-invierno-2026-en-buenos-aires","status":"publish","type":"post","link":"https:\/\/www.casadeentrerios.gov.ar\/?p=23980","title":{"rendered":"Entre R\u00edos presenta su Temporada de Invierno 2026 en Buenos Aires"},"content":{"rendered":"\t\t<div data-elementor-type=\"wp-post\" data-elementor-id=\"23980\" class=\"elementor elementor-23980\" data-elementor-post-type=\"post\">\n\t\t\t\t\t\t<section class=\"elementor-section elementor-top-section elementor-element elementor-element-c05df00 elementor-section-boxed elementor-section-height-default elementor-section-height-default\" data-id=\"c05df00\" data-element_type=\"section\" data-e-type=\"section\">\n\t\t\t\t\t\t<div class=\"elementor-container elementor-column-gap-default\">\n\t\t\t\t\t<div class=\"elementor-column elementor-col-100 elementor-top-column elementor-element elementor-element-923616e\" data-id=\"923616e\" data-element_type=\"column\" data-e-type=\"column\">\n\t\t\t<div class=\"elementor-widget-wrap elementor-element-populated\">\n\t\t\t\t\t\t<div class=\"elementor-element elementor-element-9fa5389 elementor-widget elementor-widget-spacer\" data-id=\"9fa5389\" data-element_type=\"widget\" data-e-type=\"widget\" data-widget_type=\"spacer.default\">\n\t\t\t\t<div class=\"elementor-widget-container\">\n\t\t\t\t\t\t\t<div class=\"elementor-spacer\">\n\t\t\t<div class=\"elementor-spacer-inner\"><\/div>\n\t\t<\/div>\n\t\t\t\t\t\t<\/div>\n\t\t\t\t<\/div>\n\t\t\t\t\t<\/div>\n\t\t<\/div>\n\t\t\t\t\t<\/div>\n\t\t<\/section>\n\t\t\t\t<section class=\"elementor-section elementor-top-section elementor-element elementor-element-633184db elementor-section-boxed elementor-section-height-default elementor-section-height-default\" data-id=\"633184db\" data-element_type=\"section\" data-e-type=\"section\">\n\t\t\t\t\t\t<div class=\"elementor-container elementor-column-gap-default\">\n\t\t\t\t\t<div class=\"elementor-column elementor-col-100 elementor-top-column elementor-element elementor-element-8ed2c8a\" data-id=\"8ed2c8a\" data-element_type=\"column\" data-e-type=\"column\">\n\t\t\t<div class=\"elementor-widget-wrap elementor-element-populated\">\n\t\t\t\t\t\t<div class=\"elementor-element elementor-element-274d8586 elementor-widget elementor-widget-heading\" data-id=\"274d8586\" data-element_type=\"widget\" data-e-type=\"widget\" data-widget_type=\"heading.default\">\n\t\t\t\t<div class=\"elementor-widget-container\">\n\t\t\t\t\t<h2 class=\"elementor-heading-title elementor-size-default\">Entre R\u00edos presenta su Temporada de Invierno 2026 en Buenos Aires<\/h2>\t\t\t\t<\/div>\n\t\t\t\t<\/div>\n\t\t\t\t\t<\/div>\n\t\t<\/div>\n\t\t\t\t\t<\/div>\n\t\t<\/section>\n\t\t\t\t<section class=\"elementor-section elementor-top-section elementor-element elementor-element-4f764cc4 elementor-section-boxed elementor-section-height-default elementor-section-height-default\" data-id=\"4f764cc4\" data-element_type=\"section\" data-e-type=\"section\">\n\t\t\t\t\t\t<div class=\"elementor-container elementor-column-gap-default\">\n\t\t\t\t\t<div class=\"elementor-column elementor-col-100 elementor-top-column elementor-element elementor-element-203709af\" data-id=\"203709af\" data-element_type=\"column\" data-e-type=\"column\">\n\t\t\t<div class=\"elementor-widget-wrap elementor-element-populated\">\n\t\t\t\t\t\t<div class=\"elementor-element elementor-element-2f4595d2 elementor-widget elementor-widget-text-editor\" data-id=\"2f4595d2\" data-element_type=\"widget\" data-e-type=\"widget\" data-widget_type=\"text-editor.default\">\n\t\t\t\t<div class=\"elementor-widget-container\">\n\t\t\t\t\t\t\t\t\t<p>La Representaci\u00f3n del Gobierno de Entre R\u00edos en Buenos Aires y el Ente Mixto de Turismo de Entre R\u00edos (EMTURER) invitan a periodistas, comunicadores y medios de comunicaci\u00f3n a participar de la presentaci\u00f3n oficial de la Temporada de Invierno 2026, una propuesta que reunir\u00e1 la oferta tur\u00edstica de la provincia para los pr\u00f3ximos meses.<\/p>\t\t\t\t\t\t\t\t<\/div>\n\t\t\t\t<\/div>\n\t\t\t\t\t<\/div>\n\t\t<\/div>\n\t\t\t\t\t<\/div>\n\t\t<\/section>\n\t\t\t\t<section class=\"elementor-section elementor-top-section elementor-element elementor-element-414c1306 elementor-section-boxed elementor-section-height-default elementor-section-height-default\" data-id=\"414c1306\" data-element_type=\"section\" data-e-type=\"section\">\n\t\t\t\t\t\t<div class=\"elementor-container elementor-column-gap-default\">\n\t\t\t\t\t<div class=\"elementor-column elementor-col-66 elementor-top-column elementor-element elementor-element-2473e147\" data-id=\"2473e147\" data-element_type=\"column\" data-e-type=\"column\">\n\t\t\t<div class=\"elementor-widget-wrap elementor-element-populated\">\n\t\t\t\t\t\t<div class=\"elementor-element elementor-element-51b527a1 elementor-widget elementor-widget-text-editor\" data-id=\"51b527a1\" data-element_type=\"widget\" data-e-type=\"widget\" data-widget_type=\"text-editor.default\">\n\t\t\t\t<div class=\"elementor-widget-container\">\n\t\t\t\t\t\t\t\t\t<p><strong>Suscribite al newsletter de Casa de Entre Rios &gt;<span style=\"color: #008000;\">\u00a0<a style=\"color: #008000;\" href=\"http:\/\/La provincia de Entre R\u00edos presentar\u00e1 oficialmente su propuesta tur\u00edstica para la Temporada de Invierno 2026 el pr\u00f3ximo viernes 19 de junio, a las 12 horas, en la Representaci\u00f3n del Gobierno de Entre R\u00edos en Buenos Aires, ubicada en Suipacha 844, Ciudad Aut\u00f3noma de Buenos Aires.\" target=\"_blank\" rel=\"noopener\" data-wplink-url-error=\"true\">REGISTRATE<\/a><\/span><\/strong><\/p>\t\t\t\t\t\t\t\t<\/div>\n\t\t\t\t<\/div>\n\t\t\t\t<div class=\"elementor-element elementor-element-1082e08d elementor-widget elementor-widget-text-editor\" data-id=\"1082e08d\" data-element_type=\"widget\" data-e-type=\"widget\" data-widget_type=\"text-editor.default\">\n\t\t\t\t<div class=\"elementor-widget-container\">\n\t\t\t\t\t\t\t\t\t<p class=\"isSelectedEnd\">La actividad se realizar\u00e1 el viernes 19 de junio a las 12 horas en la sede de la Representaci\u00f3n del Gobierno, ubicada en Suipacha 844, CABA.\u00a0<\/p><p class=\"isSelectedEnd\">Durante el encuentro se dar\u00e1n a conocer las principales propuestas, destinos, experiencias y actividades que formar\u00e1n parte de la temporada invernal entrerriana, con la participaci\u00f3n de autoridades provinciales, municipales y referentes del sector tur\u00edstico.<\/p><p class=\"isSelectedEnd\">La presentaci\u00f3n se enmarca en las acciones de promoci\u00f3n impulsadas por EMTURER para fortalecer el posicionamiento de Entre R\u00edos como destino tur\u00edstico y difundir la diversidad de experiencias que ofrece la provincia en materia de naturaleza, termalismo, gastronom\u00eda, cultura y turismo de reuniones.<\/p><p class=\"isSelectedEnd\"><strong>Acreditaci\u00f3n de prensa<\/strong><\/p><p>Para confirmar su asistencia, solicitamos completar el formulario de acreditaci\u00f3n disponible a continuaci\u00f3n. <span style=\"color: #339966;\"><a style=\"color: #339966;\" href=\"https:\/\/docs.google.com\/forms\/d\/e\/1FAIpQLScQd_UREmQV-6QfaNDWAlOu6Pfa0jgiBHqTtjkiMVhBdJbV-A\/viewform\" target=\"_blank\" rel=\"noopener\"><strong>CONFIRMAR ASISTENCIA\u00a0<\/strong><\/a><\/span><\/p>\t\t\t\t\t\t\t\t<\/div>\n\t\t\t\t<\/div>\n\t\t\t\t<div class=\"elementor-element elementor-element-5114827a elementor-widget elementor-widget-text-editor\" data-id=\"5114827a\" data-element_type=\"widget\" data-e-type=\"widget\" data-widget_type=\"text-editor.default\">\n\t\t\t\t<div class=\"elementor-widget-container\">\n\t\t\t\t\t\t\t\t\t<p><span style=\"color: var( --e-global-color-dea41e4 ); font-size: var( --e-global-typography-b2ce6af-font-size ); letter-spacing: var( --e-global-typography-b2ce6af-letter-spacing ); word-spacing: var( --e-global-typography-b2ce6af-word-spacing );\">&#8211;<\/span><\/p><p><strong>Equipo de Prensa<\/strong><\/p><p>comunicacion@casadeentrerios.gov.ar<\/p>\t\t\t\t\t\t\t\t<\/div>\n\t\t\t\t<\/div>\n\t\t\t\t<div class=\"elementor-element elementor-element-4bc7fd6a elementor-widget elementor-widget-text-editor\" data-id=\"4bc7fd6a\" data-element_type=\"widget\" data-e-type=\"widget\" data-widget_type=\"text-editor.default\">\n\t\t\t\t<div class=\"elementor-widget-container\">\n\t\t\t\t\t\t\t\t\t<p><strong style=\"color: var( --e-global-color-dea41e4 ); letter-spacing: var( --e-global-typography-b2ce6af-letter-spacing ); word-spacing: var( --e-global-typography-b2ce6af-word-spacing );\">Suscribite al newsletter de Casa de Entre Rios &gt;<span style=\"color: #008000;\">\u00a0<a style=\"color: #008000;\" href=\"http:\/\/La provincia de Entre R\u00edos presentar\u00e1 oficialmente su propuesta tur\u00edstica para la Temporada de Invierno 2026 el pr\u00f3ximo viernes 19 de junio, a las 12 horas, en la Representaci\u00f3n del Gobierno de Entre R\u00edos en Buenos Aires, ubicada en Suipacha 844, Ciudad Aut\u00f3noma de Buenos Aires.\" target=\"_blank\" rel=\"noopener\" data-wplink-url-error=\"true\">REGISTRATE<\/a><\/span><\/strong><\/p>\t\t\t\t\t\t\t\t<\/div>\n\t\t\t\t<\/div>\n\t\t\t\t\t<\/div>\n\t\t<\/div>\n\t\t\t\t<div class=\"elementor-column elementor-col-33 elementor-top-column elementor-element elementor-element-4663be8e\" data-id=\"4663be8e\" data-element_type=\"column\" data-e-type=\"column\">\n\t\t\t<div class=\"elementor-widget-wrap\">\n\t\t\t\t\t\t\t<\/div>\n\t\t<\/div>\n\t\t\t\t\t<\/div>\n\t\t<\/section>\n\t\t\t\t<section class=\"elementor-section elementor-top-section elementor-element elementor-element-2ddd512 elementor-section-boxed elementor-section-height-default elementor-section-height-default\" data-id=\"2ddd512\" data-element_type=\"section\" data-e-type=\"section\">\n\t\t\t\t\t\t<div class=\"elementor-container elementor-column-gap-default\">\n\t\t\t\t\t<div class=\"elementor-column elementor-col-100 elementor-top-column elementor-element elementor-element-1d23dc1\" data-id=\"1d23dc1\" data-element_type=\"column\" data-e-type=\"column\">\n\t\t\t<div class=\"elementor-widget-wrap elementor-element-populated\">\n\t\t\t\t\t\t<div class=\"elementor-element elementor-element-a1b6952 elementor-widget elementor-widget-spacer\" data-id=\"a1b6952\" data-element_type=\"widget\" data-e-type=\"widget\" data-widget_type=\"spacer.default\">\n\t\t\t\t<div class=\"elementor-widget-container\">\n\t\t\t\t\t\t\t<div class=\"elementor-spacer\">\n\t\t\t<div class=\"elementor-spacer-inner\"><\/div>\n\t\t<\/div>\n\t\t\t\t\t\t<\/div>\n\t\t\t\t<\/div>\n\t\t\t\t\t<\/div>\n\t\t<\/div>\n\t\t\t\t\t<\/div>\n\t\t<\/section>\n\t\t\t\t<\/div>\n\t\t","protected":false},"excerpt":{"rendered":"<p>Entre R\u00edos presenta su Temporada de Invierno 2026 en Buenos Aires La Representaci\u00f3n del Gobierno de Entre R\u00edos en Buenos Aires y el Ente Mixto de Turismo de Entre R\u00edos (EMTURER) invitan a periodistas, comunicadores y medios de comunicaci\u00f3n a participar de la presentaci\u00f3n oficial de la Temporada de Invierno 2026, una propuesta que reunir\u00e1 [&hellip;]<\/p>\n","protected":false},"author":1,"featured_media":0,"comment_status":"closed","ping_status":"open","sticky":false,"template":"","format":"standard","meta":{"footnotes":""},"categories":[1],"tags":[],"class_list":["post-23980","post","type-post","status-publish","format-standard","hentry","category-sin-categoria"],"yoast_head":"<!-- This site is optimized with the Yoast SEO plugin v27.5 - https:\/\/yoast.com\/product\/yoast-seo-wordpress\/ -->\n<title>Entre R\u00edos presenta su Temporada de Invierno 2026 en Buenos Aires - Casa de Entre Rios<\/title>\n<meta name=\"robots\" content=\"index, follow, max-snippet:-1, max-image-preview:large, max-video-preview:-1\" \/>\n<link rel=\"canonical\" href=\"https:\/\/www.casadeentrerios.gov.ar\/?p=23980\" \/>\n<meta property=\"og:locale\" content=\"es_ES\" \/>\n<meta property=\"og:type\" content=\"article\" \/>\n<meta property=\"og:title\" content=\"Entre R\u00edos presenta su Temporada de Invierno 2026 en Buenos Aires - Casa de Entre Rios\" \/>\n<meta property=\"og:description\" content=\"Entre R\u00edos presenta su Temporada de Invierno 2026 en Buenos Aires La Representaci\u00f3n del Gobierno de Entre R\u00edos en Buenos Aires y el Ente Mixto de Turismo de Entre R\u00edos (EMTURER) invitan a periodistas, comunicadores y medios de comunicaci\u00f3n a participar de la presentaci\u00f3n oficial de la Temporada de Invierno 2026, una propuesta que reunir\u00e1 [&hellip;]\" \/>\n<meta property=\"og:url\" content=\"https:\/\/www.casadeentrerios.gov.ar\/?p=23980\" \/>\n<meta property=\"og:site_name\" content=\"Casa de Entre Rios\" \/>\n<meta property=\"article:published_time\" content=\"2026-06-11T16:44:43+00:00\" \/>\n<meta property=\"article:modified_time\" content=\"2026-06-16T16:19:01+00:00\" \/>\n<meta name=\"author\" content=\"admin\" \/>\n<meta name=\"twitter:card\" content=\"summary_large_image\" \/>\n<meta name=\"twitter:label1\" content=\"Escrito por\" \/>\n\t<meta name=\"twitter:data1\" content=\"admin\" \/>\n\t<meta name=\"twitter:label2\" content=\"Tiempo de lectura\" \/>\n\t<meta name=\"twitter:data2\" content=\"1 minuto\" \/>\n<script type=\"application\/ld+json\" class=\"yoast-schema-graph\">{\"@context\":\"https:\\\/\\\/schema.org\",\"@graph\":[{\"@type\":\"Article\",\"@id\":\"https:\\\/\\\/www.casadeentrerios.gov.ar\\\/?p=23980#article\",\"isPartOf\":{\"@id\":\"https:\\\/\\\/www.casadeentrerios.gov.ar\\\/?p=23980\"},\"author\":{\"name\":\"admin\",\"@id\":\"https:\\\/\\\/www.casadeentrerios.gov.ar\\\/#\\\/schema\\\/person\\\/8f711d99d59b83c941adf9e9960f36f9\"},\"headline\":\"Entre R\u00edos presenta su Temporada de Invierno 2026 en Buenos Aires\",\"datePublished\":\"2026-06-11T16:44:43+00:00\",\"dateModified\":\"2026-06-16T16:19:01+00:00\",\"mainEntityOfPage\":{\"@id\":\"https:\\\/\\\/www.casadeentrerios.gov.ar\\\/?p=23980\"},\"wordCount\":241,\"publisher\":{\"@id\":\"https:\\\/\\\/www.casadeentrerios.gov.ar\\\/#organization\"},\"inLanguage\":\"es\"},{\"@type\":\"WebPage\",\"@id\":\"https:\\\/\\\/www.casadeentrerios.gov.ar\\\/?p=23980\",\"url\":\"https:\\\/\\\/www.casadeentrerios.gov.ar\\\/?p=23980\",\"name\":\"Entre R\u00edos presenta su Temporada de Invierno 2026 en Buenos Aires - Casa de Entre Rios\",\"isPartOf\":{\"@id\":\"https:\\\/\\\/www.casadeentrerios.gov.ar\\\/#website\"},\"datePublished\":\"2026-06-11T16:44:43+00:00\",\"dateModified\":\"2026-06-16T16:19:01+00:00\",\"breadcrumb\":{\"@id\":\"https:\\\/\\\/www.casadeentrerios.gov.ar\\\/?p=23980#breadcrumb\"},\"inLanguage\":\"es\",\"potentialAction\":[{\"@type\":\"ReadAction\",\"target\":[\"https:\\\/\\\/www.casadeentrerios.gov.ar\\\/?p=23980\"]}]},{\"@type\":\"BreadcrumbList\",\"@id\":\"https:\\\/\\\/www.casadeentrerios.gov.ar\\\/?p=23980#breadcrumb\",\"itemListElement\":[{\"@type\":\"ListItem\",\"position\":1,\"name\":\"Portada\",\"item\":\"https:\\\/\\\/www.casadeentrerios.gov.ar\\\/\"},{\"@type\":\"ListItem\",\"position\":2,\"name\":\"Entre R\u00edos presenta su Temporada de Invierno 2026 en Buenos Aires\"}]},{\"@type\":\"WebSite\",\"@id\":\"https:\\\/\\\/www.casadeentrerios.gov.ar\\\/#website\",\"url\":\"https:\\\/\\\/www.casadeentrerios.gov.ar\\\/\",\"name\":\"Casa de Entre Rios\",\"description\":\"Representaci\u00f3n del Gobierno de Entre Rios en CABA\",\"publisher\":{\"@id\":\"https:\\\/\\\/www.casadeentrerios.gov.ar\\\/#organization\"},\"potentialAction\":[{\"@type\":\"SearchAction\",\"target\":{\"@type\":\"EntryPoint\",\"urlTemplate\":\"https:\\\/\\\/www.casadeentrerios.gov.ar\\\/?s={search_term_string}\"},\"query-input\":{\"@type\":\"PropertyValueSpecification\",\"valueRequired\":true,\"valueName\":\"search_term_string\"}}],\"inLanguage\":\"es\"},{\"@type\":\"Organization\",\"@id\":\"https:\\\/\\\/www.casadeentrerios.gov.ar\\\/#organization\",\"name\":\"Casa de Entre Rios\",\"url\":\"https:\\\/\\\/www.casadeentrerios.gov.ar\\\/\",\"logo\":{\"@type\":\"ImageObject\",\"inLanguage\":\"es\",\"@id\":\"https:\\\/\\\/www.casadeentrerios.gov.ar\\\/#\\\/schema\\\/logo\\\/image\\\/\",\"url\":\"https:\\\/\\\/www.casadeentrerios.gov.ar\\\/wp-content\\\/uploads\\\/2021\\\/07\\\/img_cer_1.png\",\"contentUrl\":\"https:\\\/\\\/www.casadeentrerios.gov.ar\\\/wp-content\\\/uploads\\\/2021\\\/07\\\/img_cer_1.png\",\"width\":416,\"height\":87,\"caption\":\"Casa de Entre Rios\"},\"image\":{\"@id\":\"https:\\\/\\\/www.casadeentrerios.gov.ar\\\/#\\\/schema\\\/logo\\\/image\\\/\"}},{\"@type\":\"Person\",\"@id\":\"https:\\\/\\\/www.casadeentrerios.gov.ar\\\/#\\\/schema\\\/person\\\/8f711d99d59b83c941adf9e9960f36f9\",\"name\":\"admin\",\"image\":{\"@type\":\"ImageObject\",\"inLanguage\":\"es\",\"@id\":\"https:\\\/\\\/secure.gravatar.com\\\/avatar\\\/83952e3d8f2dd8e4585599a06f137e4070a13a122750ff987dc72294da83e569?s=96&d=mm&r=g\",\"url\":\"https:\\\/\\\/secure.gravatar.com\\\/avatar\\\/83952e3d8f2dd8e4585599a06f137e4070a13a122750ff987dc72294da83e569?s=96&d=mm&r=g\",\"contentUrl\":\"https:\\\/\\\/secure.gravatar.com\\\/avatar\\\/83952e3d8f2dd8e4585599a06f137e4070a13a122750ff987dc72294da83e569?s=96&d=mm&r=g\",\"caption\":\"admin\"},\"sameAs\":[\"http:\\\/\\\/www.casadeentrerios.gov.ar\"],\"url\":\"https:\\\/\\\/www.casadeentrerios.gov.ar\\\/?author=1\"}]}<\/script>\n<!-- \/ Yoast SEO plugin. -->","yoast_head_json":{"title":"Entre R\u00edos presenta su Temporada de Invierno 2026 en Buenos Aires - Casa de Entre Rios","robots":{"index":"index","follow":"follow","max-snippet":"max-snippet:-1","max-image-preview":"max-image-preview:large","max-video-preview":"max-video-preview:-1"},"canonical":"https:\/\/www.casadeentrerios.gov.ar\/?p=23980","og_locale":"es_ES","og_type":"article","og_title":"Entre R\u00edos presenta su Temporada de Invierno 2026 en Buenos Aires - Casa de Entre Rios","og_description":"Entre R\u00edos presenta su Temporada de Invierno 2026 en Buenos Aires La Representaci\u00f3n del Gobierno de Entre R\u00edos en Buenos Aires y el Ente Mixto de Turismo de Entre R\u00edos (EMTURER) invitan a periodistas, comunicadores y medios de comunicaci\u00f3n a participar de la presentaci\u00f3n oficial de la Temporada de Invierno 2026, una propuesta que reunir\u00e1 [&hellip;]","og_url":"https:\/\/www.casadeentrerios.gov.ar\/?p=23980","og_site_name":"Casa de Entre Rios","article_published_time":"2026-06-11T16:44:43+00:00","article_modified_time":"2026-06-16T16:19:01+00:00","author":"admin","twitter_card":"summary_large_image","twitter_misc":{"Escrito por":"admin","Tiempo de lectura":"1 minuto"},"schema":{"@context":"https:\/\/schema.org","@graph":[{"@type":"Article","@id":"https:\/\/www.casadeentrerios.gov.ar\/?p=23980#article","isPartOf":{"@id":"https:\/\/www.casadeentrerios.gov.ar\/?p=23980"},"author":{"name":"admin","@id":"https:\/\/www.casadeentrerios.gov.ar\/#\/schema\/person\/8f711d99d59b83c941adf9e9960f36f9"},"headline":"Entre R\u00edos presenta su Temporada de Invierno 2026 en Buenos Aires","datePublished":"2026-06-11T16:44:43+00:00","dateModified":"2026-06-16T16:19:01+00:00","mainEntityOfPage":{"@id":"https:\/\/www.casadeentrerios.gov.ar\/?p=23980"},"wordCount":241,"publisher":{"@id":"https:\/\/www.casadeentrerios.gov.ar\/#organization"},"inLanguage":"es"},{"@type":"WebPage","@id":"https:\/\/www.casadeentrerios.gov.ar\/?p=23980","url":"https:\/\/www.casadeentrerios.gov.ar\/?p=23980","name":"Entre R\u00edos presenta su Temporada de Invierno 2026 en Buenos Aires - Casa de Entre Rios","isPartOf":{"@id":"https:\/\/www.casadeentrerios.gov.ar\/#website"},"datePublished":"2026-06-11T16:44:43+00:00","dateModified":"2026-06-16T16:19:01+00:00","breadcrumb":{"@id":"https:\/\/www.casadeentrerios.gov.ar\/?p=23980#breadcrumb"},"inLanguage":"es","potentialAction":[{"@type":"ReadAction","target":["https:\/\/www.casadeentrerios.gov.ar\/?p=23980"]}]},{"@type":"BreadcrumbList","@id":"https:\/\/www.casadeentrerios.gov.ar\/?p=23980#breadcrumb","itemListElement":[{"@type":"ListItem","position":1,"name":"Portada","item":"https:\/\/www.casadeentrerios.gov.ar\/"},{"@type":"ListItem","position":2,"name":"Entre R\u00edos presenta su Temporada de Invierno 2026 en Buenos Aires"}]},{"@type":"WebSite","@id":"https:\/\/www.casadeentrerios.gov.ar\/#website","url":"https:\/\/www.casadeentrerios.gov.ar\/","name":"Casa de Entre Rios","description":"Representaci\u00f3n del Gobierno de Entre Rios en CABA","publisher":{"@id":"https:\/\/www.casadeentrerios.gov.ar\/#organization"},"potentialAction":[{"@type":"SearchAction","target":{"@type":"EntryPoint","urlTemplate":"https:\/\/www.casadeentrerios.gov.ar\/?s={search_term_string}"},"query-input":{"@type":"PropertyValueSpecification","valueRequired":true,"valueName":"search_term_string"}}],"inLanguage":"es"},{"@type":"Organization","@id":"https:\/\/www.casadeentrerios.gov.ar\/#organization","name":"Casa de Entre Rios","url":"https:\/\/www.casadeentrerios.gov.ar\/","logo":{"@type":"ImageObject","inLanguage":"es","@id":"https:\/\/www.casadeentrerios.gov.ar\/#\/schema\/logo\/image\/","url":"https:\/\/www.casadeentrerios.gov.ar\/wp-content\/uploads\/2021\/07\/img_cer_1.png","contentUrl":"https:\/\/www.casadeentrerios.gov.ar\/wp-content\/uploads\/2021\/07\/img_cer_1.png","width":416,"height":87,"caption":"Casa de Entre Rios"},"image":{"@id":"https:\/\/www.casadeentrerios.gov.ar\/#\/schema\/logo\/image\/"}},{"@type":"Person","@id":"https:\/\/www.casadeentrerios.gov.ar\/#\/schema\/person\/8f711d99d59b83c941adf9e9960f36f9","name":"admin","image":{"@type":"ImageObject","inLanguage":"es","@id":"https:\/\/secure.gravatar.com\/avatar\/83952e3d8f2dd8e4585599a06f137e4070a13a122750ff987dc72294da83e569?s=96&d=mm&r=g","url":"https:\/\/secure.gravatar.com\/avatar\/83952e3d8f2dd8e4585599a06f137e4070a13a122750ff987dc72294da83e569?s=96&d=mm&r=g","contentUrl":"https:\/\/secure.gravatar.com\/avatar\/83952e3d8f2dd8e4585599a06f137e4070a13a122750ff987dc72294da83e569?s=96&d=mm&r=g","caption":"admin"},"sameAs":["http:\/\/www.casadeentrerios.gov.ar"],"url":"https:\/\/www.casadeentrerios.gov.ar\/?author=1"}]}},"_links":{"self":[{"href":"https:\/\/www.casadeentrerios.gov.ar\/index.php?rest_route=\/wp\/v2\/posts\/23980","targetHints":{"allow":["GET"]}}],"collection":[{"href":"https:\/\/www.casadeentrerios.gov.ar\/index.php?rest_route=\/wp\/v2\/posts"}],"about":[{"href":"https:\/\/www.casadeentrerios.gov.ar\/index.php?rest_route=\/wp\/v2\/types\/post"}],"author":[{"embeddable":true,"href":"https:\/\/www.casadeentrerios.gov.ar\/index.php?rest_route=\/wp\/v2\/users\/1"}],"replies":[{"embeddable":true,"href":"https:\/\/www.casadeentrerios.gov.ar\/index.php?rest_route=%2Fwp%2Fv2%2Fcomments&post=23980"}],"version-history":[{"count":37,"href":"https:\/\/www.casadeentrerios.gov.ar\/index.php?rest_route=\/wp\/v2\/posts\/23980\/revisions"}],"predecessor-version":[{"id":24207,"href":"https:\/\/www.casadeentrerios.gov.ar\/index.php?rest_route=\/wp\/v2\/posts\/23980\/revisions\/24207"}],"wp:attachment":[{"href":"https:\/\/www.casadeentrerios.gov.ar\/index.php?rest_route=%2Fwp%2Fv2%2Fmedia&parent=23980"}],"wp:term":[{"taxonomy":"category","embeddable":true,"href":"https:\/\/www.casadeentrerios.gov.ar\/index.php?rest_route=%2Fwp%2Fv2%2Fcategories&post=23980"},{"taxonomy":"post_tag","embeddable":true,"href":"https:\/\/www.casadeentrerios.gov.ar\/index.php?rest_route=%2Fwp%2Fv2%2Ftags&post=23980"}],"curies":[{"name":"wp","href":"https:\/\/api.w.org\/{rel}","templated":true}]}}