{"id":24776,"date":"2026-06-27T13:19:27","date_gmt":"2026-06-27T13:19:27","guid":{"rendered":"https:\/\/www.casadeentrerios.gov.ar\/?p=24776"},"modified":"2026-06-27T20:55:56","modified_gmt":"2026-06-27T20:55:56","slug":"vinculos-con-embajadas-impulsan-nuevas-oportunidades-para-el-arroz-entrerriano","status":"publish","type":"post","link":"https:\/\/www.casadeentrerios.gov.ar\/?p=24776","title":{"rendered":"V\u00ednculos con embajadas impulsan nuevas oportunidades para el arroz entrerriano"},"content":{"rendered":"\t\t<div data-elementor-type=\"wp-post\" data-elementor-id=\"24776\" class=\"elementor elementor-24776\" data-elementor-post-type=\"post\">\n\t\t\t\t\t\t<section class=\"elementor-section elementor-top-section elementor-element elementor-element-7f2a467 elementor-section-boxed elementor-section-height-default elementor-section-height-default\" data-id=\"7f2a467\" data-element_type=\"section\" data-e-type=\"section\">\n\t\t\t\t\t\t<div class=\"elementor-container elementor-column-gap-default\">\n\t\t\t\t\t<div class=\"elementor-column elementor-col-100 elementor-top-column elementor-element elementor-element-8785963\" data-id=\"8785963\" data-element_type=\"column\" data-e-type=\"column\">\n\t\t\t<div class=\"elementor-widget-wrap elementor-element-populated\">\n\t\t\t\t\t\t<div class=\"elementor-element elementor-element-1df6268 elementor-widget elementor-widget-spacer\" data-id=\"1df6268\" data-element_type=\"widget\" data-e-type=\"widget\" data-widget_type=\"spacer.default\">\n\t\t\t\t<div class=\"elementor-widget-container\">\n\t\t\t\t\t\t\t<div class=\"elementor-spacer\">\n\t\t\t<div class=\"elementor-spacer-inner\"><\/div>\n\t\t<\/div>\n\t\t\t\t\t\t<\/div>\n\t\t\t\t<\/div>\n\t\t\t\t\t<\/div>\n\t\t<\/div>\n\t\t\t\t\t<\/div>\n\t\t<\/section>\n\t\t\t\t<section class=\"elementor-section elementor-top-section elementor-element elementor-element-7ca86808 elementor-section-boxed elementor-section-height-default elementor-section-height-default\" data-id=\"7ca86808\" data-element_type=\"section\" data-e-type=\"section\">\n\t\t\t\t\t\t<div class=\"elementor-container elementor-column-gap-default\">\n\t\t\t\t\t<div class=\"elementor-column elementor-col-100 elementor-top-column elementor-element elementor-element-5f3b96bb\" data-id=\"5f3b96bb\" data-element_type=\"column\" data-e-type=\"column\">\n\t\t\t<div class=\"elementor-widget-wrap elementor-element-populated\">\n\t\t\t\t\t\t<div class=\"elementor-element elementor-element-27ab05ed elementor-widget elementor-widget-heading\" data-id=\"27ab05ed\" data-element_type=\"widget\" data-e-type=\"widget\" data-widget_type=\"heading.default\">\n\t\t\t\t<div class=\"elementor-widget-container\">\n\t\t\t\t\t<h2 class=\"elementor-heading-title elementor-size-default\">V\u00ednculos con embajadas impulsan nuevas oportunidades para el arroz entrerriano<\/h2>\t\t\t\t<\/div>\n\t\t\t\t<\/div>\n\t\t\t\t\t<\/div>\n\t\t<\/div>\n\t\t\t\t\t<\/div>\n\t\t<\/section>\n\t\t\t\t<section class=\"elementor-section elementor-top-section elementor-element elementor-element-13a52ee1 elementor-section-boxed elementor-section-height-default elementor-section-height-default\" data-id=\"13a52ee1\" data-element_type=\"section\" data-e-type=\"section\">\n\t\t\t\t\t\t<div class=\"elementor-container elementor-column-gap-default\">\n\t\t\t\t\t<div class=\"elementor-column elementor-col-100 elementor-top-column elementor-element elementor-element-7a7d77c9\" data-id=\"7a7d77c9\" data-element_type=\"column\" data-e-type=\"column\">\n\t\t\t<div class=\"elementor-widget-wrap elementor-element-populated\">\n\t\t\t\t\t\t<div class=\"elementor-element elementor-element-35486c8a elementor-widget elementor-widget-text-editor\" data-id=\"35486c8a\" data-element_type=\"widget\" data-e-type=\"widget\" data-widget_type=\"text-editor.default\">\n\t\t\t\t<div class=\"elementor-widget-container\">\n\t\t\t\t\t\t\t\t\t<p class=\"isSelectedEnd\"><strong>Como parte de las acciones de vinculaci\u00f3n institucional que impulsa la Representaci\u00f3n del Gobierno de Entre R\u00edos en Buenos Aires, se llev\u00f3 adelante una agenda de reuniones con representantes comerciales de las embajadas de Rep\u00fablica Dominicana, M\u00e9xico y Panam\u00e1 para fortalecer la proyecci\u00f3n internacional del sector arrocero provincial.<\/strong><\/p><p class=\"isSelectedEnd\">\u00a0<\/p>\t\t\t\t\t\t\t\t<\/div>\n\t\t\t\t<\/div>\n\t\t\t\t\t<\/div>\n\t\t<\/div>\n\t\t\t\t\t<\/div>\n\t\t<\/section>\n\t\t\t\t<section class=\"elementor-section elementor-top-section elementor-element elementor-element-4e0cbb3 elementor-section-boxed elementor-section-height-default elementor-section-height-default\" data-id=\"4e0cbb3\" data-element_type=\"section\" data-e-type=\"section\">\n\t\t\t\t\t\t<div class=\"elementor-container elementor-column-gap-default\">\n\t\t\t\t\t<div class=\"elementor-column elementor-col-100 elementor-top-column elementor-element elementor-element-4f5e08c\" data-id=\"4f5e08c\" data-element_type=\"column\" data-e-type=\"column\">\n\t\t\t<div class=\"elementor-widget-wrap elementor-element-populated\">\n\t\t\t\t\t\t<div class=\"elementor-element elementor-element-40261077 elementor-arrows-position-outside elementor-widget elementor-widget-image-carousel\" data-id=\"40261077\" data-element_type=\"widget\" data-e-type=\"widget\" data-settings=\"{&quot;navigation&quot;:&quot;arrows&quot;,&quot;autoplay&quot;:&quot;yes&quot;,&quot;pause_on_hover&quot;:&quot;yes&quot;,&quot;pause_on_interaction&quot;:&quot;yes&quot;,&quot;autoplay_speed&quot;:5000,&quot;infinite&quot;:&quot;yes&quot;,&quot;speed&quot;:500}\" data-widget_type=\"image-carousel.default\">\n\t\t\t\t<div class=\"elementor-widget-container\">\n\t\t\t\t\t\t\t<div class=\"elementor-image-carousel-wrapper swiper\" role=\"region\" aria-roledescription=\"carousel\" aria-label=\"Carrusel de im\u00e1genes\" dir=\"ltr\">\n\t\t\t<div class=\"elementor-image-carousel swiper-wrapper\" aria-live=\"off\">\n\t\t\t\t\t\t\t\t<div class=\"swiper-slide\" role=\"group\" aria-roledescription=\"slide\" aria-label=\"1 de 3\"><figure class=\"swiper-slide-inner\"><img decoding=\"async\" class=\"swiper-slide-image\" src=\"https:\/\/www.casadeentrerios.gov.ar\/wp-content\/uploads\/2026\/06\/img_emb_2.jpg\" alt=\"img_emb_2\" \/><\/figure><\/div><div class=\"swiper-slide\" role=\"group\" aria-roledescription=\"slide\" aria-label=\"2 de 3\"><figure class=\"swiper-slide-inner\"><img decoding=\"async\" class=\"swiper-slide-image\" src=\"https:\/\/www.casadeentrerios.gov.ar\/wp-content\/uploads\/2026\/06\/img_emb_1.jpg\" alt=\"img_emb_1\" \/><\/figure><\/div><div class=\"swiper-slide\" role=\"group\" aria-roledescription=\"slide\" aria-label=\"3 de 3\"><figure class=\"swiper-slide-inner\"><img decoding=\"async\" class=\"swiper-slide-image\" src=\"https:\/\/www.casadeentrerios.gov.ar\/wp-content\/uploads\/2026\/06\/img_emb_3.jpg\" alt=\"img_emb_3\" \/><\/figure><\/div>\t\t\t<\/div>\n\t\t\t\t\t\t\t\t\t\t\t\t<div class=\"elementor-swiper-button elementor-swiper-button-prev\" role=\"button\" tabindex=\"0\">\n\t\t\t\t\t\t<i aria-hidden=\"true\" class=\"eicon-chevron-left\"><\/i>\t\t\t\t\t<\/div>\n\t\t\t\t\t<div class=\"elementor-swiper-button elementor-swiper-button-next\" role=\"button\" tabindex=\"0\">\n\t\t\t\t\t\t<i aria-hidden=\"true\" class=\"eicon-chevron-right\"><\/i>\t\t\t\t\t<\/div>\n\t\t\t\t\n\t\t\t\t\t\t\t\t\t<\/div>\n\t\t\t\t\t\t<\/div>\n\t\t\t\t<\/div>\n\t\t\t\t\t<\/div>\n\t\t<\/div>\n\t\t\t\t\t<\/div>\n\t\t<\/section>\n\t\t\t\t<section class=\"elementor-section elementor-top-section elementor-element elementor-element-4419792 elementor-section-boxed elementor-section-height-default elementor-section-height-default\" data-id=\"4419792\" data-element_type=\"section\" data-e-type=\"section\">\n\t\t\t\t\t\t<div class=\"elementor-container elementor-column-gap-default\">\n\t\t\t\t\t<div class=\"elementor-column elementor-col-66 elementor-top-column elementor-element elementor-element-57e50997\" data-id=\"57e50997\" data-element_type=\"column\" data-e-type=\"column\">\n\t\t\t<div class=\"elementor-widget-wrap elementor-element-populated\">\n\t\t\t\t\t\t<div class=\"elementor-element elementor-element-1aa8d4cc elementor-widget elementor-widget-text-editor\" data-id=\"1aa8d4cc\" data-element_type=\"widget\" data-e-type=\"widget\" data-widget_type=\"text-editor.default\">\n\t\t\t\t<div class=\"elementor-widget-container\">\n\t\t\t\t\t\t\t\t\t<p><strong>Suscribite al newsletter de Casa de Entre Rios &gt;<span style=\"color: #008000;\">\u00a0<a style=\"color: #008000;\" href=\"https:\/\/www.casadeentrerios.gov.ar\/?page_id=2808\" target=\"_blank\" rel=\"noopener\">REGISTRATE<\/a><\/span><\/strong><\/p>\t\t\t\t\t\t\t\t<\/div>\n\t\t\t\t<\/div>\n\t\t\t\t<div class=\"elementor-element elementor-element-567a2acd elementor-widget__width-initial elementor-widget elementor-widget-text-editor\" data-id=\"567a2acd\" data-element_type=\"widget\" data-e-type=\"widget\" data-widget_type=\"text-editor.default\">\n\t\t\t\t<div class=\"elementor-widget-container\">\n\t\t\t\t\t\t\t\t\t<p class=\"isSelectedEnd\">La agenda estuvo orientada a promover la producci\u00f3n arrocera entrerriana, fortalecer los v\u00ednculos comerciales y generar nuevas oportunidades para su inserci\u00f3n en mercados internacionales.<\/p><p class=\"isSelectedEnd\">En las reuniones con las embajadas de <strong>M\u00e9xico<\/strong> y <strong>Panam\u00e1<\/strong>, el representante del Gobierno de Entre R\u00edos en Buenos Aires, <strong>Jos\u00e9 Mouli\u00e1<\/strong>, estuvo acompa\u00f1ado por <strong>Jorge y Federico Paoloni<\/strong>, quienes participaron en representaci\u00f3n de la <strong>Asociaci\u00f3n de Plantadores de Arroz de Entre R\u00edos<\/strong>, la <strong>Fundaci\u00f3n Proarroz<\/strong> y la <strong>Comisi\u00f3n de Producci\u00f3n e Industria del Centro Econ\u00f3mico de San Salvador<\/strong>. En el caso de <strong>Rep\u00fablica Dominicana<\/strong>, los representantes del sector arrocero participaron de manera virtual.<\/p><p class=\"isSelectedEnd\">En la <strong>Embajada de la Rep\u00fablica Dominicana<\/strong>, junto a la consejera comercial <strong>Candie Rosario Guerrero<\/strong>, se profundiz\u00f3 el di\u00e1logo iniciado a partir del inter\u00e9s manifestado por ese pa\u00eds en importar arroz entrerriano. El encuentro dio continuidad a las gestiones iniciadas previamente con el embajador <strong>Jorge Marte B\u00e1ez<\/strong>, con el objetivo de avanzar sobre las posibilidades comerciales y la oferta exportable de la provincia.<\/p><p class=\"isSelectedEnd\">Por su parte, la reuni\u00f3n en la <strong>Embajada de M\u00e9xico<\/strong> estuvo centrada en aspectos vinculados a la tem\u00e1tica arancelaria y en las posibilidades de incrementar el volumen de exportaci\u00f3n del arroz entrerriano. Durante el encuentro con la agregada comercial <strong>Karen S\u00e1nchez Miranda<\/strong>, se plantearon inquietudes del sector y se intercambiaron alternativas para dar continuidad a esos temas.<\/p><p class=\"isSelectedEnd\">Finalmente, en la <strong data-start=\"781\" data-end=\"803\">Embajada de Panam\u00e1<\/strong>, el encuentro con la agredada comercial<strong> Christine Brostella\u00a0<\/strong>permiti\u00f3 analizar alternativas para ampliar la presencia del arroz entrerriano en nuevos mercados. Entre los temas abordados se consider\u00f3 la incorporaci\u00f3n del producto en futuras negociaciones bilaterales, la promoci\u00f3n de nuevas variedades y la continuidad de los vol\u00famenes de exportaci\u00f3n.<\/p><p>Durante los encuentros, los representantes del sector presentaron las caracter\u00edsticas de la cadena arrocera provincial, su capacidad productiva y el potencial exportador de Entre R\u00edos, fortaleciendo el di\u00e1logo con representaciones diplom\u00e1ticas interesadas en ampliar los v\u00ednculos comerciales con la provincia.<\/p>\t\t\t\t\t\t\t\t<\/div>\n\t\t\t\t<\/div>\n\t\t\t\t<div class=\"elementor-element elementor-element-23722f29 elementor-widget elementor-widget-text-editor\" data-id=\"23722f29\" data-element_type=\"widget\" data-e-type=\"widget\" data-widget_type=\"text-editor.default\">\n\t\t\t\t<div class=\"elementor-widget-container\">\n\t\t\t\t\t\t\t\t\t<p><span style=\"color: var( --e-global-color-dea41e4 ); font-size: var( --e-global-typography-b2ce6af-font-size ); letter-spacing: var( --e-global-typography-b2ce6af-letter-spacing ); word-spacing: var( --e-global-typography-b2ce6af-word-spacing );\">&#8211;<\/span><\/p><p><strong>Equipo de Prensa<\/strong><\/p><p>comunicacion@casadeentrerios.gov.ar<\/p>\t\t\t\t\t\t\t\t<\/div>\n\t\t\t\t<\/div>\n\t\t\t\t<div class=\"elementor-element elementor-element-69af899b elementor-widget elementor-widget-text-editor\" data-id=\"69af899b\" data-element_type=\"widget\" data-e-type=\"widget\" data-widget_type=\"text-editor.default\">\n\t\t\t\t<div class=\"elementor-widget-container\">\n\t\t\t\t\t\t\t\t\t<p><strong style=\"color: var( --e-global-color-dea41e4 ); letter-spacing: var( --e-global-typography-b2ce6af-letter-spacing ); word-spacing: var( --e-global-typography-b2ce6af-word-spacing );\">Suscribite al newsletter de Casa de Entre Rios &gt;<span style=\"color: #008000;\">\u00a0<a style=\"color: #008000;\" href=\"https:\/\/www.casadeentrerios.gov.ar\/?page_id=2808\" target=\"_blank\" rel=\"noopener\">REGISTRATE<\/a><\/span><\/strong><\/p>\t\t\t\t\t\t\t\t<\/div>\n\t\t\t\t<\/div>\n\t\t\t\t\t<\/div>\n\t\t<\/div>\n\t\t\t\t<div class=\"elementor-column elementor-col-33 elementor-top-column elementor-element elementor-element-5e85b5e9\" data-id=\"5e85b5e9\" data-element_type=\"column\" data-e-type=\"column\">\n\t\t\t<div class=\"elementor-widget-wrap\">\n\t\t\t\t\t\t\t<\/div>\n\t\t<\/div>\n\t\t\t\t\t<\/div>\n\t\t<\/section>\n\t\t\t\t<section class=\"elementor-section elementor-top-section elementor-element elementor-element-a6ebbbe elementor-section-boxed elementor-section-height-default elementor-section-height-default\" data-id=\"a6ebbbe\" data-element_type=\"section\" data-e-type=\"section\">\n\t\t\t\t\t\t<div class=\"elementor-container elementor-column-gap-default\">\n\t\t\t\t\t<div class=\"elementor-column elementor-col-100 elementor-top-column elementor-element elementor-element-bc3645a\" data-id=\"bc3645a\" data-element_type=\"column\" data-e-type=\"column\">\n\t\t\t<div class=\"elementor-widget-wrap elementor-element-populated\">\n\t\t\t\t\t\t<div class=\"elementor-element elementor-element-74d90c3 elementor-widget elementor-widget-spacer\" data-id=\"74d90c3\" data-element_type=\"widget\" data-e-type=\"widget\" data-widget_type=\"spacer.default\">\n\t\t\t\t<div class=\"elementor-widget-container\">\n\t\t\t\t\t\t\t<div class=\"elementor-spacer\">\n\t\t\t<div class=\"elementor-spacer-inner\"><\/div>\n\t\t<\/div>\n\t\t\t\t\t\t<\/div>\n\t\t\t\t<\/div>\n\t\t\t\t\t<\/div>\n\t\t<\/div>\n\t\t\t\t\t<\/div>\n\t\t<\/section>\n\t\t\t\t<\/div>\n\t\t","protected":false},"excerpt":{"rendered":"<p>V\u00ednculos con embajadas impulsan nuevas oportunidades para el arroz entrerriano Como parte de las acciones de vinculaci\u00f3n institucional que impulsa la Representaci\u00f3n del Gobierno de Entre R\u00edos en Buenos Aires, se llev\u00f3 adelante una agenda de reuniones con representantes comerciales de las embajadas de Rep\u00fablica Dominicana, M\u00e9xico y Panam\u00e1 para fortalecer la proyecci\u00f3n internacional del [&hellip;]<\/p>\n","protected":false},"author":1,"featured_media":24796,"comment_status":"closed","ping_status":"open","sticky":false,"template":"","format":"standard","meta":{"footnotes":""},"categories":[1],"tags":[],"class_list":["post-24776","post","type-post","status-publish","format-standard","has-post-thumbnail","hentry","category-sin-categoria"],"yoast_head":"<!-- This site is optimized with the Yoast SEO plugin v27.5 - https:\/\/yoast.com\/product\/yoast-seo-wordpress\/ -->\n<title>V\u00ednculos con embajadas impulsan nuevas oportunidades para el arroz entrerriano - Casa de Entre Rios<\/title>\n<meta name=\"robots\" content=\"index, follow, max-snippet:-1, max-image-preview:large, max-video-preview:-1\" \/>\n<link rel=\"canonical\" href=\"https:\/\/www.casadeentrerios.gov.ar\/?p=24776\" \/>\n<meta property=\"og:locale\" content=\"es_ES\" \/>\n<meta property=\"og:type\" content=\"article\" \/>\n<meta property=\"og:title\" content=\"V\u00ednculos con embajadas impulsan nuevas oportunidades para el arroz entrerriano - Casa de Entre Rios\" \/>\n<meta property=\"og:description\" content=\"V\u00ednculos con embajadas impulsan nuevas oportunidades para el arroz entrerriano Como parte de las acciones de vinculaci\u00f3n institucional que impulsa la Representaci\u00f3n del Gobierno de Entre R\u00edos en Buenos Aires, se llev\u00f3 adelante una agenda de reuniones con representantes comerciales de las embajadas de Rep\u00fablica Dominicana, M\u00e9xico y Panam\u00e1 para fortalecer la proyecci\u00f3n internacional del [&hellip;]\" \/>\n<meta property=\"og:url\" content=\"https:\/\/www.casadeentrerios.gov.ar\/?p=24776\" \/>\n<meta property=\"og:site_name\" content=\"Casa de Entre Rios\" \/>\n<meta property=\"article:published_time\" content=\"2026-06-27T13:19:27+00:00\" \/>\n<meta property=\"article:modified_time\" content=\"2026-06-27T20:55:56+00:00\" \/>\n<meta property=\"og:image\" content=\"https:\/\/www.casadeentrerios.gov.ar\/wp-content\/uploads\/2026\/06\/img_emb_2.jpg\" \/>\n\t<meta property=\"og:image:width\" content=\"500\" \/>\n\t<meta property=\"og:image:height\" content=\"300\" \/>\n\t<meta property=\"og:image:type\" content=\"image\/jpeg\" \/>\n<meta name=\"author\" content=\"admin\" \/>\n<meta name=\"twitter:card\" content=\"summary_large_image\" \/>\n<meta name=\"twitter:label1\" content=\"Escrito por\" \/>\n\t<meta name=\"twitter:data1\" content=\"admin\" \/>\n\t<meta name=\"twitter:label2\" content=\"Tiempo de lectura\" \/>\n\t<meta name=\"twitter:data2\" content=\"4 minutos\" \/>\n<script type=\"application\/ld+json\" class=\"yoast-schema-graph\">{\"@context\":\"https:\\\/\\\/schema.org\",\"@graph\":[{\"@type\":\"Article\",\"@id\":\"https:\\\/\\\/www.casadeentrerios.gov.ar\\\/?p=24776#article\",\"isPartOf\":{\"@id\":\"https:\\\/\\\/www.casadeentrerios.gov.ar\\\/?p=24776\"},\"author\":{\"name\":\"admin\",\"@id\":\"https:\\\/\\\/www.casadeentrerios.gov.ar\\\/#\\\/schema\\\/person\\\/8f711d99d59b83c941adf9e9960f36f9\"},\"headline\":\"V\u00ednculos con embajadas impulsan nuevas oportunidades para el arroz entrerriano\",\"datePublished\":\"2026-06-27T13:19:27+00:00\",\"dateModified\":\"2026-06-27T20:55:56+00:00\",\"mainEntityOfPage\":{\"@id\":\"https:\\\/\\\/www.casadeentrerios.gov.ar\\\/?p=24776\"},\"wordCount\":449,\"publisher\":{\"@id\":\"https:\\\/\\\/www.casadeentrerios.gov.ar\\\/#organization\"},\"image\":{\"@id\":\"https:\\\/\\\/www.casadeentrerios.gov.ar\\\/?p=24776#primaryimage\"},\"thumbnailUrl\":\"https:\\\/\\\/www.casadeentrerios.gov.ar\\\/wp-content\\\/uploads\\\/2026\\\/06\\\/img_emb_2.jpg\",\"inLanguage\":\"es\"},{\"@type\":\"WebPage\",\"@id\":\"https:\\\/\\\/www.casadeentrerios.gov.ar\\\/?p=24776\",\"url\":\"https:\\\/\\\/www.casadeentrerios.gov.ar\\\/?p=24776\",\"name\":\"V\u00ednculos con embajadas impulsan nuevas oportunidades para el arroz entrerriano - Casa de Entre Rios\",\"isPartOf\":{\"@id\":\"https:\\\/\\\/www.casadeentrerios.gov.ar\\\/#website\"},\"primaryImageOfPage\":{\"@id\":\"https:\\\/\\\/www.casadeentrerios.gov.ar\\\/?p=24776#primaryimage\"},\"image\":{\"@id\":\"https:\\\/\\\/www.casadeentrerios.gov.ar\\\/?p=24776#primaryimage\"},\"thumbnailUrl\":\"https:\\\/\\\/www.casadeentrerios.gov.ar\\\/wp-content\\\/uploads\\\/2026\\\/06\\\/img_emb_2.jpg\",\"datePublished\":\"2026-06-27T13:19:27+00:00\",\"dateModified\":\"2026-06-27T20:55:56+00:00\",\"breadcrumb\":{\"@id\":\"https:\\\/\\\/www.casadeentrerios.gov.ar\\\/?p=24776#breadcrumb\"},\"inLanguage\":\"es\",\"potentialAction\":[{\"@type\":\"ReadAction\",\"target\":[\"https:\\\/\\\/www.casadeentrerios.gov.ar\\\/?p=24776\"]}]},{\"@type\":\"ImageObject\",\"inLanguage\":\"es\",\"@id\":\"https:\\\/\\\/www.casadeentrerios.gov.ar\\\/?p=24776#primaryimage\",\"url\":\"https:\\\/\\\/www.casadeentrerios.gov.ar\\\/wp-content\\\/uploads\\\/2026\\\/06\\\/img_emb_2.jpg\",\"contentUrl\":\"https:\\\/\\\/www.casadeentrerios.gov.ar\\\/wp-content\\\/uploads\\\/2026\\\/06\\\/img_emb_2.jpg\",\"width\":500,\"height\":300},{\"@type\":\"BreadcrumbList\",\"@id\":\"https:\\\/\\\/www.casadeentrerios.gov.ar\\\/?p=24776#breadcrumb\",\"itemListElement\":[{\"@type\":\"ListItem\",\"position\":1,\"name\":\"Portada\",\"item\":\"https:\\\/\\\/www.casadeentrerios.gov.ar\\\/\"},{\"@type\":\"ListItem\",\"position\":2,\"name\":\"V\u00ednculos con embajadas impulsan nuevas oportunidades para el arroz entrerriano\"}]},{\"@type\":\"WebSite\",\"@id\":\"https:\\\/\\\/www.casadeentrerios.gov.ar\\\/#website\",\"url\":\"https:\\\/\\\/www.casadeentrerios.gov.ar\\\/\",\"name\":\"Casa de Entre Rios\",\"description\":\"Representaci\u00f3n del Gobierno de Entre Rios en CABA\",\"publisher\":{\"@id\":\"https:\\\/\\\/www.casadeentrerios.gov.ar\\\/#organization\"},\"potentialAction\":[{\"@type\":\"SearchAction\",\"target\":{\"@type\":\"EntryPoint\",\"urlTemplate\":\"https:\\\/\\\/www.casadeentrerios.gov.ar\\\/?s={search_term_string}\"},\"query-input\":{\"@type\":\"PropertyValueSpecification\",\"valueRequired\":true,\"valueName\":\"search_term_string\"}}],\"inLanguage\":\"es\"},{\"@type\":\"Organization\",\"@id\":\"https:\\\/\\\/www.casadeentrerios.gov.ar\\\/#organization\",\"name\":\"Casa de Entre Rios\",\"url\":\"https:\\\/\\\/www.casadeentrerios.gov.ar\\\/\",\"logo\":{\"@type\":\"ImageObject\",\"inLanguage\":\"es\",\"@id\":\"https:\\\/\\\/www.casadeentrerios.gov.ar\\\/#\\\/schema\\\/logo\\\/image\\\/\",\"url\":\"https:\\\/\\\/www.casadeentrerios.gov.ar\\\/wp-content\\\/uploads\\\/2021\\\/07\\\/img_cer_1.png\",\"contentUrl\":\"https:\\\/\\\/www.casadeentrerios.gov.ar\\\/wp-content\\\/uploads\\\/2021\\\/07\\\/img_cer_1.png\",\"width\":416,\"height\":87,\"caption\":\"Casa de Entre Rios\"},\"image\":{\"@id\":\"https:\\\/\\\/www.casadeentrerios.gov.ar\\\/#\\\/schema\\\/logo\\\/image\\\/\"}},{\"@type\":\"Person\",\"@id\":\"https:\\\/\\\/www.casadeentrerios.gov.ar\\\/#\\\/schema\\\/person\\\/8f711d99d59b83c941adf9e9960f36f9\",\"name\":\"admin\",\"image\":{\"@type\":\"ImageObject\",\"inLanguage\":\"es\",\"@id\":\"https:\\\/\\\/secure.gravatar.com\\\/avatar\\\/83952e3d8f2dd8e4585599a06f137e4070a13a122750ff987dc72294da83e569?s=96&d=mm&r=g\",\"url\":\"https:\\\/\\\/secure.gravatar.com\\\/avatar\\\/83952e3d8f2dd8e4585599a06f137e4070a13a122750ff987dc72294da83e569?s=96&d=mm&r=g\",\"contentUrl\":\"https:\\\/\\\/secure.gravatar.com\\\/avatar\\\/83952e3d8f2dd8e4585599a06f137e4070a13a122750ff987dc72294da83e569?s=96&d=mm&r=g\",\"caption\":\"admin\"},\"sameAs\":[\"http:\\\/\\\/www.casadeentrerios.gov.ar\"],\"url\":\"https:\\\/\\\/www.casadeentrerios.gov.ar\\\/?author=1\"}]}<\/script>\n<!-- \/ Yoast SEO plugin. -->","yoast_head_json":{"title":"V\u00ednculos con embajadas impulsan nuevas oportunidades para el arroz entrerriano - Casa de Entre Rios","robots":{"index":"index","follow":"follow","max-snippet":"max-snippet:-1","max-image-preview":"max-image-preview:large","max-video-preview":"max-video-preview:-1"},"canonical":"https:\/\/www.casadeentrerios.gov.ar\/?p=24776","og_locale":"es_ES","og_type":"article","og_title":"V\u00ednculos con embajadas impulsan nuevas oportunidades para el arroz entrerriano - Casa de Entre Rios","og_description":"V\u00ednculos con embajadas impulsan nuevas oportunidades para el arroz entrerriano Como parte de las acciones de vinculaci\u00f3n institucional que impulsa la Representaci\u00f3n del Gobierno de Entre R\u00edos en Buenos Aires, se llev\u00f3 adelante una agenda de reuniones con representantes comerciales de las embajadas de Rep\u00fablica Dominicana, M\u00e9xico y Panam\u00e1 para fortalecer la proyecci\u00f3n internacional del [&hellip;]","og_url":"https:\/\/www.casadeentrerios.gov.ar\/?p=24776","og_site_name":"Casa de Entre Rios","article_published_time":"2026-06-27T13:19:27+00:00","article_modified_time":"2026-06-27T20:55:56+00:00","og_image":[{"width":500,"height":300,"url":"https:\/\/www.casadeentrerios.gov.ar\/wp-content\/uploads\/2026\/06\/img_emb_2.jpg","type":"image\/jpeg"}],"author":"admin","twitter_card":"summary_large_image","twitter_misc":{"Escrito por":"admin","Tiempo de lectura":"4 minutos"},"schema":{"@context":"https:\/\/schema.org","@graph":[{"@type":"Article","@id":"https:\/\/www.casadeentrerios.gov.ar\/?p=24776#article","isPartOf":{"@id":"https:\/\/www.casadeentrerios.gov.ar\/?p=24776"},"author":{"name":"admin","@id":"https:\/\/www.casadeentrerios.gov.ar\/#\/schema\/person\/8f711d99d59b83c941adf9e9960f36f9"},"headline":"V\u00ednculos con embajadas impulsan nuevas oportunidades para el arroz entrerriano","datePublished":"2026-06-27T13:19:27+00:00","dateModified":"2026-06-27T20:55:56+00:00","mainEntityOfPage":{"@id":"https:\/\/www.casadeentrerios.gov.ar\/?p=24776"},"wordCount":449,"publisher":{"@id":"https:\/\/www.casadeentrerios.gov.ar\/#organization"},"image":{"@id":"https:\/\/www.casadeentrerios.gov.ar\/?p=24776#primaryimage"},"thumbnailUrl":"https:\/\/www.casadeentrerios.gov.ar\/wp-content\/uploads\/2026\/06\/img_emb_2.jpg","inLanguage":"es"},{"@type":"WebPage","@id":"https:\/\/www.casadeentrerios.gov.ar\/?p=24776","url":"https:\/\/www.casadeentrerios.gov.ar\/?p=24776","name":"V\u00ednculos con embajadas impulsan nuevas oportunidades para el arroz entrerriano - Casa de Entre Rios","isPartOf":{"@id":"https:\/\/www.casadeentrerios.gov.ar\/#website"},"primaryImageOfPage":{"@id":"https:\/\/www.casadeentrerios.gov.ar\/?p=24776#primaryimage"},"image":{"@id":"https:\/\/www.casadeentrerios.gov.ar\/?p=24776#primaryimage"},"thumbnailUrl":"https:\/\/www.casadeentrerios.gov.ar\/wp-content\/uploads\/2026\/06\/img_emb_2.jpg","datePublished":"2026-06-27T13:19:27+00:00","dateModified":"2026-06-27T20:55:56+00:00","breadcrumb":{"@id":"https:\/\/www.casadeentrerios.gov.ar\/?p=24776#breadcrumb"},"inLanguage":"es","potentialAction":[{"@type":"ReadAction","target":["https:\/\/www.casadeentrerios.gov.ar\/?p=24776"]}]},{"@type":"ImageObject","inLanguage":"es","@id":"https:\/\/www.casadeentrerios.gov.ar\/?p=24776#primaryimage","url":"https:\/\/www.casadeentrerios.gov.ar\/wp-content\/uploads\/2026\/06\/img_emb_2.jpg","contentUrl":"https:\/\/www.casadeentrerios.gov.ar\/wp-content\/uploads\/2026\/06\/img_emb_2.jpg","width":500,"height":300},{"@type":"BreadcrumbList","@id":"https:\/\/www.casadeentrerios.gov.ar\/?p=24776#breadcrumb","itemListElement":[{"@type":"ListItem","position":1,"name":"Portada","item":"https:\/\/www.casadeentrerios.gov.ar\/"},{"@type":"ListItem","position":2,"name":"V\u00ednculos con embajadas impulsan nuevas oportunidades para el arroz entrerriano"}]},{"@type":"WebSite","@id":"https:\/\/www.casadeentrerios.gov.ar\/#website","url":"https:\/\/www.casadeentrerios.gov.ar\/","name":"Casa de Entre Rios","description":"Representaci\u00f3n del Gobierno de Entre Rios en CABA","publisher":{"@id":"https:\/\/www.casadeentrerios.gov.ar\/#organization"},"potentialAction":[{"@type":"SearchAction","target":{"@type":"EntryPoint","urlTemplate":"https:\/\/www.casadeentrerios.gov.ar\/?s={search_term_string}"},"query-input":{"@type":"PropertyValueSpecification","valueRequired":true,"valueName":"search_term_string"}}],"inLanguage":"es"},{"@type":"Organization","@id":"https:\/\/www.casadeentrerios.gov.ar\/#organization","name":"Casa de Entre Rios","url":"https:\/\/www.casadeentrerios.gov.ar\/","logo":{"@type":"ImageObject","inLanguage":"es","@id":"https:\/\/www.casadeentrerios.gov.ar\/#\/schema\/logo\/image\/","url":"https:\/\/www.casadeentrerios.gov.ar\/wp-content\/uploads\/2021\/07\/img_cer_1.png","contentUrl":"https:\/\/www.casadeentrerios.gov.ar\/wp-content\/uploads\/2021\/07\/img_cer_1.png","width":416,"height":87,"caption":"Casa de Entre Rios"},"image":{"@id":"https:\/\/www.casadeentrerios.gov.ar\/#\/schema\/logo\/image\/"}},{"@type":"Person","@id":"https:\/\/www.casadeentrerios.gov.ar\/#\/schema\/person\/8f711d99d59b83c941adf9e9960f36f9","name":"admin","image":{"@type":"ImageObject","inLanguage":"es","@id":"https:\/\/secure.gravatar.com\/avatar\/83952e3d8f2dd8e4585599a06f137e4070a13a122750ff987dc72294da83e569?s=96&d=mm&r=g","url":"https:\/\/secure.gravatar.com\/avatar\/83952e3d8f2dd8e4585599a06f137e4070a13a122750ff987dc72294da83e569?s=96&d=mm&r=g","contentUrl":"https:\/\/secure.gravatar.com\/avatar\/83952e3d8f2dd8e4585599a06f137e4070a13a122750ff987dc72294da83e569?s=96&d=mm&r=g","caption":"admin"},"sameAs":["http:\/\/www.casadeentrerios.gov.ar"],"url":"https:\/\/www.casadeentrerios.gov.ar\/?author=1"}]}},"_links":{"self":[{"href":"https:\/\/www.casadeentrerios.gov.ar\/index.php?rest_route=\/wp\/v2\/posts\/24776","targetHints":{"allow":["GET"]}}],"collection":[{"href":"https:\/\/www.casadeentrerios.gov.ar\/index.php?rest_route=\/wp\/v2\/posts"}],"about":[{"href":"https:\/\/www.casadeentrerios.gov.ar\/index.php?rest_route=\/wp\/v2\/types\/post"}],"author":[{"embeddable":true,"href":"https:\/\/www.casadeentrerios.gov.ar\/index.php?rest_route=\/wp\/v2\/users\/1"}],"replies":[{"embeddable":true,"href":"https:\/\/www.casadeentrerios.gov.ar\/index.php?rest_route=%2Fwp%2Fv2%2Fcomments&post=24776"}],"version-history":[{"count":43,"href":"https:\/\/www.casadeentrerios.gov.ar\/index.php?rest_route=\/wp\/v2\/posts\/24776\/revisions"}],"predecessor-version":[{"id":24835,"href":"https:\/\/www.casadeentrerios.gov.ar\/index.php?rest_route=\/wp\/v2\/posts\/24776\/revisions\/24835"}],"wp:featuredmedia":[{"embeddable":true,"href":"https:\/\/www.casadeentrerios.gov.ar\/index.php?rest_route=\/wp\/v2\/media\/24796"}],"wp:attachment":[{"href":"https:\/\/www.casadeentrerios.gov.ar\/index.php?rest_route=%2Fwp%2Fv2%2Fmedia&parent=24776"}],"wp:term":[{"taxonomy":"category","embeddable":true,"href":"https:\/\/www.casadeentrerios.gov.ar\/index.php?rest_route=%2Fwp%2Fv2%2Fcategories&post=24776"},{"taxonomy":"post_tag","embeddable":true,"href":"https:\/\/www.casadeentrerios.gov.ar\/index.php?rest_route=%2Fwp%2Fv2%2Ftags&post=24776"}],"curies":[{"name":"wp","href":"https:\/\/api.w.org\/{rel}","templated":true}]}}