{"id":24854,"date":"2026-06-29T20:00:55","date_gmt":"2026-06-29T20:00:55","guid":{"rendered":"https:\/\/www.casadeentrerios.gov.ar\/?p=24854"},"modified":"2026-07-09T01:33:01","modified_gmt":"2026-07-09T01:33:01","slug":"la-joven-violinista-lujan-garcia-mino-se-presentara-en-la-casa-de-entre-rios","status":"publish","type":"post","link":"https:\/\/www.casadeentrerios.gov.ar\/?p=24854","title":{"rendered":"La joven violinista Luj\u00e1n Garc\u00eda Mi\u00f1o se presentar\u00e1 en la Casa de Entre R\u00edos"},"content":{"rendered":"\t\t<div data-elementor-type=\"wp-post\" data-elementor-id=\"24854\" class=\"elementor elementor-24854\" data-elementor-post-type=\"post\">\n\t\t\t\t\t\t<section class=\"elementor-section elementor-top-section elementor-element elementor-element-7c7e2df elementor-section-boxed elementor-section-height-default elementor-section-height-default\" data-id=\"7c7e2df\" data-element_type=\"section\" data-e-type=\"section\">\n\t\t\t\t\t\t<div class=\"elementor-container elementor-column-gap-default\">\n\t\t\t\t\t<div class=\"elementor-column elementor-col-100 elementor-top-column elementor-element elementor-element-f65839f\" data-id=\"f65839f\" data-element_type=\"column\" data-e-type=\"column\">\n\t\t\t<div class=\"elementor-widget-wrap elementor-element-populated\">\n\t\t\t\t\t\t<div class=\"elementor-element elementor-element-f48efcf elementor-widget elementor-widget-spacer\" data-id=\"f48efcf\" data-element_type=\"widget\" data-e-type=\"widget\" data-widget_type=\"spacer.default\">\n\t\t\t\t<div class=\"elementor-widget-container\">\n\t\t\t\t\t\t\t<div class=\"elementor-spacer\">\n\t\t\t<div class=\"elementor-spacer-inner\"><\/div>\n\t\t<\/div>\n\t\t\t\t\t\t<\/div>\n\t\t\t\t<\/div>\n\t\t\t\t\t<\/div>\n\t\t<\/div>\n\t\t\t\t\t<\/div>\n\t\t<\/section>\n\t\t\t\t<section class=\"elementor-section elementor-top-section elementor-element elementor-element-3ce37547 elementor-section-boxed elementor-section-height-default elementor-section-height-default\" data-id=\"3ce37547\" data-element_type=\"section\" data-e-type=\"section\">\n\t\t\t\t\t\t<div class=\"elementor-container elementor-column-gap-default\">\n\t\t\t\t\t<div class=\"elementor-column elementor-col-100 elementor-top-column elementor-element elementor-element-7f8bd90c\" data-id=\"7f8bd90c\" data-element_type=\"column\" data-e-type=\"column\">\n\t\t\t<div class=\"elementor-widget-wrap elementor-element-populated\">\n\t\t\t\t\t\t<div class=\"elementor-element elementor-element-17a3a34c elementor-widget elementor-widget-heading\" data-id=\"17a3a34c\" data-element_type=\"widget\" data-e-type=\"widget\" data-widget_type=\"heading.default\">\n\t\t\t\t<div class=\"elementor-widget-container\">\n\t\t\t\t\t<h2 class=\"elementor-heading-title elementor-size-default\">La joven violinista Luj\u00e1n Garc\u00eda Mi\u00f1o se presentar\u00e1 en la Casa de Entre R\u00edos<\/h2>\t\t\t\t<\/div>\n\t\t\t\t<\/div>\n\t\t\t\t\t<\/div>\n\t\t<\/div>\n\t\t\t\t\t<\/div>\n\t\t<\/section>\n\t\t\t\t<section class=\"elementor-section elementor-top-section elementor-element elementor-element-37ca4ca2 elementor-section-boxed elementor-section-height-default elementor-section-height-default\" data-id=\"37ca4ca2\" data-element_type=\"section\" data-e-type=\"section\">\n\t\t\t\t\t\t<div class=\"elementor-container elementor-column-gap-default\">\n\t\t\t\t\t<div class=\"elementor-column elementor-col-100 elementor-top-column elementor-element elementor-element-5dde22b1\" data-id=\"5dde22b1\" data-element_type=\"column\" data-e-type=\"column\">\n\t\t\t<div class=\"elementor-widget-wrap elementor-element-populated\">\n\t\t\t\t\t\t<div class=\"elementor-element elementor-element-7adbd056 elementor-widget elementor-widget-text-editor\" data-id=\"7adbd056\" data-element_type=\"widget\" data-e-type=\"widget\" data-widget_type=\"text-editor.default\">\n\t\t\t\t<div class=\"elementor-widget-container\">\n\t\t\t\t\t\t\t\t\t<p>Con apenas 9 a\u00f1os, la violinista <strong>Luj\u00e1n Garc\u00eda Mi\u00f1o<\/strong>, oriunda de <strong>Paran\u00e1,<\/strong>&nbsp;ofrecer\u00e1 un concierto de m\u00fasica cl\u00e1sica el pr\u00f3ximo <strong>martes 14 de julio<\/strong>, a las <strong>14hs<\/strong>, en la Casa de Entre R\u00edos, como parte de la programaci\u00f3n cultural que impulsa la Representaci\u00f3n del Gobierno de Entre R\u00edos en Buenos Aires para promover el talento art\u00edstico de la provincia.<\/p>\t\t\t\t\t\t\t\t<\/div>\n\t\t\t\t<\/div>\n\t\t\t\t\t<\/div>\n\t\t<\/div>\n\t\t\t\t\t<\/div>\n\t\t<\/section>\n\t\t\t\t<section class=\"elementor-section elementor-top-section elementor-element elementor-element-2de7d2c7 elementor-section-boxed elementor-section-height-default elementor-section-height-default\" data-id=\"2de7d2c7\" data-element_type=\"section\" data-e-type=\"section\">\n\t\t\t\t\t\t<div class=\"elementor-container elementor-column-gap-default\">\n\t\t\t\t\t<div class=\"elementor-column elementor-col-66 elementor-top-column elementor-element elementor-element-5e902934\" data-id=\"5e902934\" data-element_type=\"column\" data-e-type=\"column\">\n\t\t\t<div class=\"elementor-widget-wrap elementor-element-populated\">\n\t\t\t\t\t\t<div class=\"elementor-element elementor-element-3417efea elementor-widget elementor-widget-text-editor\" data-id=\"3417efea\" data-element_type=\"widget\" data-e-type=\"widget\" data-widget_type=\"text-editor.default\">\n\t\t\t\t<div class=\"elementor-widget-container\">\n\t\t\t\t\t\t\t\t\t<p><strong>Suscribite al newsletter de Casa de Entre Rios &gt;<span style=\"color: #008000;\">\u00a0<a style=\"color: #008000;\" href=\"https:\/\/www.casadeentrerios.gov.ar\/?page_id=2808\" target=\"_blank\" rel=\"noopener\">REGISTRATE<\/a><\/span><\/strong><\/p>\t\t\t\t\t\t\t\t<\/div>\n\t\t\t\t<\/div>\n\t\t\t\t<div class=\"elementor-element elementor-element-aba4447 elementor-widget elementor-widget-text-editor\" data-id=\"aba4447\" data-element_type=\"widget\" data-e-type=\"widget\" data-widget_type=\"text-editor.default\">\n\t\t\t\t<div class=\"elementor-widget-container\">\n\t\t\t\t\t\t\t\t\t<p class=\"isSelectedEnd\">Formada en la <strong>Escuela Suzuki del Paran\u00e1<\/strong> e integrante de la <strong>Orquesta de Ni\u00f1os Suzuki<\/strong>, Luj\u00e1n desarrolla una s\u00f3lida formaci\u00f3n musical basada en un reconocido m\u00e9todo de ense\u00f1anza que promueve el aprendizaje desde la infancia. Su trayectoria incluye presentaciones en conciertos organizados por la instituci\u00f3n y actuaciones como solista, reflejando un sostenido crecimiento art\u00edstico.<\/p><p class=\"isSelectedEnd\">Durante el concierto interpretar\u00e1 un repertorio integrado por obras de <strong>Johann Sebastian Bach<\/strong> y otras piezas del m\u00e9todo Suzuki, en una propuesta abierta a todo p\u00fablico que busca acercar la m\u00fasica cl\u00e1sica a la comunidad y compartir el talento de una joven artista entrerriana.<\/p><p>La jornada incluir\u00e1 adem\u00e1s un homenaje a <strong>H\u00e9ctor Confesor \u00abCacho\u00bb Mi\u00f1o<\/strong>, destacado m\u00fasico, cantor y difusor de la cultura entrerriana, al conmemorarse un nuevo aniversario de su nacimiento. El tributo contar\u00e1 con la participaci\u00f3n de <strong>Pedro Mi\u00f1o<\/strong>, hijo del artista, quien compartir\u00e1 parte del legado musical de una de las figuras m\u00e1s representativas de la cultura popular del norte entrerriano.<\/p>\t\t\t\t\t\t\t\t<\/div>\n\t\t\t\t<\/div>\n\t\t\t\t<div class=\"elementor-element elementor-element-25a79f96 elementor-widget elementor-widget-text-editor\" data-id=\"25a79f96\" data-element_type=\"widget\" data-e-type=\"widget\" data-widget_type=\"text-editor.default\">\n\t\t\t\t<div class=\"elementor-widget-container\">\n\t\t\t\t\t\t\t\t\t<p><span style=\"color: var( --e-global-color-dea41e4 ); font-size: var( --e-global-typography-b2ce6af-font-size ); letter-spacing: var( --e-global-typography-b2ce6af-letter-spacing ); word-spacing: var( --e-global-typography-b2ce6af-word-spacing );\">&#8211;<\/span><\/p><p><strong>Equipo de Prensa<\/strong><\/p><p>prensa@casadeentrerios.gov.ar<\/p>\t\t\t\t\t\t\t\t<\/div>\n\t\t\t\t<\/div>\n\t\t\t\t<div class=\"elementor-element elementor-element-113dc3f4 elementor-widget elementor-widget-text-editor\" data-id=\"113dc3f4\" data-element_type=\"widget\" data-e-type=\"widget\" data-widget_type=\"text-editor.default\">\n\t\t\t\t<div class=\"elementor-widget-container\">\n\t\t\t\t\t\t\t\t\t<p><strong style=\"color: var( --e-global-color-dea41e4 ); letter-spacing: var( --e-global-typography-b2ce6af-letter-spacing ); word-spacing: var( --e-global-typography-b2ce6af-word-spacing );\">Suscribite al newsletter de Casa de Entre Rios &gt;<span style=\"color: #008000;\">\u00a0<a style=\"color: #008000;\" href=\"https:\/\/www.casadeentrerios.gov.ar\/?page_id=2808\" target=\"_blank\" rel=\"noopener\">REGISTRATE<\/a><\/span><\/strong><\/p>\t\t\t\t\t\t\t\t<\/div>\n\t\t\t\t<\/div>\n\t\t\t\t\t<\/div>\n\t\t<\/div>\n\t\t\t\t<div class=\"elementor-column elementor-col-33 elementor-top-column elementor-element elementor-element-12c7cb4c\" data-id=\"12c7cb4c\" data-element_type=\"column\" data-e-type=\"column\">\n\t\t\t<div class=\"elementor-widget-wrap\">\n\t\t\t\t\t\t\t<\/div>\n\t\t<\/div>\n\t\t\t\t\t<\/div>\n\t\t<\/section>\n\t\t\t\t<section class=\"elementor-section elementor-top-section elementor-element elementor-element-956ac44 elementor-section-boxed elementor-section-height-default elementor-section-height-default\" data-id=\"956ac44\" data-element_type=\"section\" data-e-type=\"section\">\n\t\t\t\t\t\t<div class=\"elementor-container elementor-column-gap-default\">\n\t\t\t\t\t<div class=\"elementor-column elementor-col-100 elementor-top-column elementor-element elementor-element-ffb206f\" data-id=\"ffb206f\" data-element_type=\"column\" data-e-type=\"column\">\n\t\t\t<div class=\"elementor-widget-wrap elementor-element-populated\">\n\t\t\t\t\t\t<div class=\"elementor-element elementor-element-abc7d97 elementor-widget elementor-widget-spacer\" data-id=\"abc7d97\" data-element_type=\"widget\" data-e-type=\"widget\" data-widget_type=\"spacer.default\">\n\t\t\t\t<div class=\"elementor-widget-container\">\n\t\t\t\t\t\t\t<div class=\"elementor-spacer\">\n\t\t\t<div class=\"elementor-spacer-inner\"><\/div>\n\t\t<\/div>\n\t\t\t\t\t\t<\/div>\n\t\t\t\t<\/div>\n\t\t\t\t\t<\/div>\n\t\t<\/div>\n\t\t\t\t\t<\/div>\n\t\t<\/section>\n\t\t\t\t<\/div>\n\t\t","protected":false},"excerpt":{"rendered":"<p>La joven violinista Luj\u00e1n Garc\u00eda Mi\u00f1o se presentar\u00e1 en la Casa de Entre R\u00edos Con apenas 9 a\u00f1os, la violinista Luj\u00e1n Garc\u00eda Mi\u00f1o, oriunda de Paran\u00e1,&nbsp;ofrecer\u00e1 un concierto de m\u00fasica cl\u00e1sica el pr\u00f3ximo martes 14 de julio, a las 14hs, en la Casa de Entre R\u00edos, como parte de la programaci\u00f3n cultural que impulsa la [&hellip;]<\/p>\n","protected":false},"author":1,"featured_media":25231,"comment_status":"closed","ping_status":"open","sticky":false,"template":"","format":"standard","meta":{"footnotes":""},"categories":[1],"tags":[],"class_list":["post-24854","post","type-post","status-publish","format-standard","has-post-thumbnail","hentry","category-sin-categoria"],"yoast_head":"<!-- This site is optimized with the Yoast SEO plugin v27.5 - https:\/\/yoast.com\/product\/yoast-seo-wordpress\/ -->\n<title>La joven violinista Luj\u00e1n Garc\u00eda Mi\u00f1o se presentar\u00e1 en la Casa de Entre R\u00edos - Casa de Entre Rios<\/title>\n<meta name=\"robots\" content=\"index, follow, max-snippet:-1, max-image-preview:large, max-video-preview:-1\" \/>\n<link rel=\"canonical\" href=\"https:\/\/www.casadeentrerios.gov.ar\/?p=24854\" \/>\n<meta property=\"og:locale\" content=\"es_ES\" \/>\n<meta property=\"og:type\" content=\"article\" \/>\n<meta property=\"og:title\" content=\"La joven violinista Luj\u00e1n Garc\u00eda Mi\u00f1o se presentar\u00e1 en la Casa de Entre R\u00edos - Casa de Entre Rios\" \/>\n<meta property=\"og:description\" content=\"La joven violinista Luj\u00e1n Garc\u00eda Mi\u00f1o se presentar\u00e1 en la Casa de Entre R\u00edos Con apenas 9 a\u00f1os, la violinista Luj\u00e1n Garc\u00eda Mi\u00f1o, oriunda de Paran\u00e1,&nbsp;ofrecer\u00e1 un concierto de m\u00fasica cl\u00e1sica el pr\u00f3ximo martes 14 de julio, a las 14hs, en la Casa de Entre R\u00edos, como parte de la programaci\u00f3n cultural que impulsa la [&hellip;]\" \/>\n<meta property=\"og:url\" content=\"https:\/\/www.casadeentrerios.gov.ar\/?p=24854\" \/>\n<meta property=\"og:site_name\" content=\"Casa de Entre Rios\" \/>\n<meta property=\"article:published_time\" content=\"2026-06-29T20:00:55+00:00\" \/>\n<meta property=\"article:modified_time\" content=\"2026-07-09T01:33:01+00:00\" \/>\n<meta property=\"og:image\" content=\"https:\/\/www.casadeentrerios.gov.ar\/wp-content\/uploads\/2026\/06\/img_violin_4.png\" \/>\n\t<meta property=\"og:image:width\" content=\"1080\" \/>\n\t<meta property=\"og:image:height\" content=\"1350\" \/>\n\t<meta property=\"og:image:type\" content=\"image\/png\" \/>\n<meta name=\"author\" content=\"admin\" \/>\n<meta name=\"twitter:card\" content=\"summary_large_image\" \/>\n<meta name=\"twitter:label1\" content=\"Escrito por\" \/>\n\t<meta name=\"twitter:data1\" content=\"admin\" \/>\n\t<meta name=\"twitter:label2\" content=\"Tiempo de lectura\" \/>\n\t<meta name=\"twitter:data2\" content=\"2 minutos\" \/>\n<script type=\"application\/ld+json\" class=\"yoast-schema-graph\">{\"@context\":\"https:\\\/\\\/schema.org\",\"@graph\":[{\"@type\":\"Article\",\"@id\":\"https:\\\/\\\/www.casadeentrerios.gov.ar\\\/?p=24854#article\",\"isPartOf\":{\"@id\":\"https:\\\/\\\/www.casadeentrerios.gov.ar\\\/?p=24854\"},\"author\":{\"name\":\"admin\",\"@id\":\"https:\\\/\\\/www.casadeentrerios.gov.ar\\\/#\\\/schema\\\/person\\\/8f711d99d59b83c941adf9e9960f36f9\"},\"headline\":\"La joven violinista Luj\u00e1n Garc\u00eda Mi\u00f1o se presentar\u00e1 en la Casa de Entre R\u00edos\",\"datePublished\":\"2026-06-29T20:00:55+00:00\",\"dateModified\":\"2026-07-09T01:33:01+00:00\",\"mainEntityOfPage\":{\"@id\":\"https:\\\/\\\/www.casadeentrerios.gov.ar\\\/?p=24854\"},\"wordCount\":311,\"publisher\":{\"@id\":\"https:\\\/\\\/www.casadeentrerios.gov.ar\\\/#organization\"},\"image\":{\"@id\":\"https:\\\/\\\/www.casadeentrerios.gov.ar\\\/?p=24854#primaryimage\"},\"thumbnailUrl\":\"https:\\\/\\\/www.casadeentrerios.gov.ar\\\/wp-content\\\/uploads\\\/2026\\\/06\\\/img_violin_4.png\",\"inLanguage\":\"es\"},{\"@type\":\"WebPage\",\"@id\":\"https:\\\/\\\/www.casadeentrerios.gov.ar\\\/?p=24854\",\"url\":\"https:\\\/\\\/www.casadeentrerios.gov.ar\\\/?p=24854\",\"name\":\"La joven violinista Luj\u00e1n Garc\u00eda Mi\u00f1o se presentar\u00e1 en la Casa de Entre R\u00edos - Casa de Entre Rios\",\"isPartOf\":{\"@id\":\"https:\\\/\\\/www.casadeentrerios.gov.ar\\\/#website\"},\"primaryImageOfPage\":{\"@id\":\"https:\\\/\\\/www.casadeentrerios.gov.ar\\\/?p=24854#primaryimage\"},\"image\":{\"@id\":\"https:\\\/\\\/www.casadeentrerios.gov.ar\\\/?p=24854#primaryimage\"},\"thumbnailUrl\":\"https:\\\/\\\/www.casadeentrerios.gov.ar\\\/wp-content\\\/uploads\\\/2026\\\/06\\\/img_violin_4.png\",\"datePublished\":\"2026-06-29T20:00:55+00:00\",\"dateModified\":\"2026-07-09T01:33:01+00:00\",\"breadcrumb\":{\"@id\":\"https:\\\/\\\/www.casadeentrerios.gov.ar\\\/?p=24854#breadcrumb\"},\"inLanguage\":\"es\",\"potentialAction\":[{\"@type\":\"ReadAction\",\"target\":[\"https:\\\/\\\/www.casadeentrerios.gov.ar\\\/?p=24854\"]}]},{\"@type\":\"ImageObject\",\"inLanguage\":\"es\",\"@id\":\"https:\\\/\\\/www.casadeentrerios.gov.ar\\\/?p=24854#primaryimage\",\"url\":\"https:\\\/\\\/www.casadeentrerios.gov.ar\\\/wp-content\\\/uploads\\\/2026\\\/06\\\/img_violin_4.png\",\"contentUrl\":\"https:\\\/\\\/www.casadeentrerios.gov.ar\\\/wp-content\\\/uploads\\\/2026\\\/06\\\/img_violin_4.png\",\"width\":1080,\"height\":1350},{\"@type\":\"BreadcrumbList\",\"@id\":\"https:\\\/\\\/www.casadeentrerios.gov.ar\\\/?p=24854#breadcrumb\",\"itemListElement\":[{\"@type\":\"ListItem\",\"position\":1,\"name\":\"Portada\",\"item\":\"https:\\\/\\\/www.casadeentrerios.gov.ar\\\/\"},{\"@type\":\"ListItem\",\"position\":2,\"name\":\"La joven violinista Luj\u00e1n Garc\u00eda Mi\u00f1o se presentar\u00e1 en la Casa de Entre R\u00edos\"}]},{\"@type\":\"WebSite\",\"@id\":\"https:\\\/\\\/www.casadeentrerios.gov.ar\\\/#website\",\"url\":\"https:\\\/\\\/www.casadeentrerios.gov.ar\\\/\",\"name\":\"Casa de Entre Rios\",\"description\":\"Representaci\u00f3n del Gobierno de Entre Rios en CABA\",\"publisher\":{\"@id\":\"https:\\\/\\\/www.casadeentrerios.gov.ar\\\/#organization\"},\"potentialAction\":[{\"@type\":\"SearchAction\",\"target\":{\"@type\":\"EntryPoint\",\"urlTemplate\":\"https:\\\/\\\/www.casadeentrerios.gov.ar\\\/?s={search_term_string}\"},\"query-input\":{\"@type\":\"PropertyValueSpecification\",\"valueRequired\":true,\"valueName\":\"search_term_string\"}}],\"inLanguage\":\"es\"},{\"@type\":\"Organization\",\"@id\":\"https:\\\/\\\/www.casadeentrerios.gov.ar\\\/#organization\",\"name\":\"Casa de Entre Rios\",\"url\":\"https:\\\/\\\/www.casadeentrerios.gov.ar\\\/\",\"logo\":{\"@type\":\"ImageObject\",\"inLanguage\":\"es\",\"@id\":\"https:\\\/\\\/www.casadeentrerios.gov.ar\\\/#\\\/schema\\\/logo\\\/image\\\/\",\"url\":\"https:\\\/\\\/www.casadeentrerios.gov.ar\\\/wp-content\\\/uploads\\\/2021\\\/07\\\/img_cer_1.png\",\"contentUrl\":\"https:\\\/\\\/www.casadeentrerios.gov.ar\\\/wp-content\\\/uploads\\\/2021\\\/07\\\/img_cer_1.png\",\"width\":416,\"height\":87,\"caption\":\"Casa de Entre Rios\"},\"image\":{\"@id\":\"https:\\\/\\\/www.casadeentrerios.gov.ar\\\/#\\\/schema\\\/logo\\\/image\\\/\"}},{\"@type\":\"Person\",\"@id\":\"https:\\\/\\\/www.casadeentrerios.gov.ar\\\/#\\\/schema\\\/person\\\/8f711d99d59b83c941adf9e9960f36f9\",\"name\":\"admin\",\"image\":{\"@type\":\"ImageObject\",\"inLanguage\":\"es\",\"@id\":\"https:\\\/\\\/secure.gravatar.com\\\/avatar\\\/83952e3d8f2dd8e4585599a06f137e4070a13a122750ff987dc72294da83e569?s=96&d=mm&r=g\",\"url\":\"https:\\\/\\\/secure.gravatar.com\\\/avatar\\\/83952e3d8f2dd8e4585599a06f137e4070a13a122750ff987dc72294da83e569?s=96&d=mm&r=g\",\"contentUrl\":\"https:\\\/\\\/secure.gravatar.com\\\/avatar\\\/83952e3d8f2dd8e4585599a06f137e4070a13a122750ff987dc72294da83e569?s=96&d=mm&r=g\",\"caption\":\"admin\"},\"sameAs\":[\"http:\\\/\\\/www.casadeentrerios.gov.ar\"],\"url\":\"https:\\\/\\\/www.casadeentrerios.gov.ar\\\/?author=1\"}]}<\/script>\n<!-- \/ Yoast SEO plugin. -->","yoast_head_json":{"title":"La joven violinista Luj\u00e1n Garc\u00eda Mi\u00f1o se presentar\u00e1 en la Casa de Entre R\u00edos - Casa de Entre Rios","robots":{"index":"index","follow":"follow","max-snippet":"max-snippet:-1","max-image-preview":"max-image-preview:large","max-video-preview":"max-video-preview:-1"},"canonical":"https:\/\/www.casadeentrerios.gov.ar\/?p=24854","og_locale":"es_ES","og_type":"article","og_title":"La joven violinista Luj\u00e1n Garc\u00eda Mi\u00f1o se presentar\u00e1 en la Casa de Entre R\u00edos - Casa de Entre Rios","og_description":"La joven violinista Luj\u00e1n Garc\u00eda Mi\u00f1o se presentar\u00e1 en la Casa de Entre R\u00edos Con apenas 9 a\u00f1os, la violinista Luj\u00e1n Garc\u00eda Mi\u00f1o, oriunda de Paran\u00e1,&nbsp;ofrecer\u00e1 un concierto de m\u00fasica cl\u00e1sica el pr\u00f3ximo martes 14 de julio, a las 14hs, en la Casa de Entre R\u00edos, como parte de la programaci\u00f3n cultural que impulsa la [&hellip;]","og_url":"https:\/\/www.casadeentrerios.gov.ar\/?p=24854","og_site_name":"Casa de Entre Rios","article_published_time":"2026-06-29T20:00:55+00:00","article_modified_time":"2026-07-09T01:33:01+00:00","og_image":[{"width":1080,"height":1350,"url":"https:\/\/www.casadeentrerios.gov.ar\/wp-content\/uploads\/2026\/06\/img_violin_4.png","type":"image\/png"}],"author":"admin","twitter_card":"summary_large_image","twitter_misc":{"Escrito por":"admin","Tiempo de lectura":"2 minutos"},"schema":{"@context":"https:\/\/schema.org","@graph":[{"@type":"Article","@id":"https:\/\/www.casadeentrerios.gov.ar\/?p=24854#article","isPartOf":{"@id":"https:\/\/www.casadeentrerios.gov.ar\/?p=24854"},"author":{"name":"admin","@id":"https:\/\/www.casadeentrerios.gov.ar\/#\/schema\/person\/8f711d99d59b83c941adf9e9960f36f9"},"headline":"La joven violinista Luj\u00e1n Garc\u00eda Mi\u00f1o se presentar\u00e1 en la Casa de Entre R\u00edos","datePublished":"2026-06-29T20:00:55+00:00","dateModified":"2026-07-09T01:33:01+00:00","mainEntityOfPage":{"@id":"https:\/\/www.casadeentrerios.gov.ar\/?p=24854"},"wordCount":311,"publisher":{"@id":"https:\/\/www.casadeentrerios.gov.ar\/#organization"},"image":{"@id":"https:\/\/www.casadeentrerios.gov.ar\/?p=24854#primaryimage"},"thumbnailUrl":"https:\/\/www.casadeentrerios.gov.ar\/wp-content\/uploads\/2026\/06\/img_violin_4.png","inLanguage":"es"},{"@type":"WebPage","@id":"https:\/\/www.casadeentrerios.gov.ar\/?p=24854","url":"https:\/\/www.casadeentrerios.gov.ar\/?p=24854","name":"La joven violinista Luj\u00e1n Garc\u00eda Mi\u00f1o se presentar\u00e1 en la Casa de Entre R\u00edos - Casa de Entre Rios","isPartOf":{"@id":"https:\/\/www.casadeentrerios.gov.ar\/#website"},"primaryImageOfPage":{"@id":"https:\/\/www.casadeentrerios.gov.ar\/?p=24854#primaryimage"},"image":{"@id":"https:\/\/www.casadeentrerios.gov.ar\/?p=24854#primaryimage"},"thumbnailUrl":"https:\/\/www.casadeentrerios.gov.ar\/wp-content\/uploads\/2026\/06\/img_violin_4.png","datePublished":"2026-06-29T20:00:55+00:00","dateModified":"2026-07-09T01:33:01+00:00","breadcrumb":{"@id":"https:\/\/www.casadeentrerios.gov.ar\/?p=24854#breadcrumb"},"inLanguage":"es","potentialAction":[{"@type":"ReadAction","target":["https:\/\/www.casadeentrerios.gov.ar\/?p=24854"]}]},{"@type":"ImageObject","inLanguage":"es","@id":"https:\/\/www.casadeentrerios.gov.ar\/?p=24854#primaryimage","url":"https:\/\/www.casadeentrerios.gov.ar\/wp-content\/uploads\/2026\/06\/img_violin_4.png","contentUrl":"https:\/\/www.casadeentrerios.gov.ar\/wp-content\/uploads\/2026\/06\/img_violin_4.png","width":1080,"height":1350},{"@type":"BreadcrumbList","@id":"https:\/\/www.casadeentrerios.gov.ar\/?p=24854#breadcrumb","itemListElement":[{"@type":"ListItem","position":1,"name":"Portada","item":"https:\/\/www.casadeentrerios.gov.ar\/"},{"@type":"ListItem","position":2,"name":"La joven violinista Luj\u00e1n Garc\u00eda Mi\u00f1o se presentar\u00e1 en la Casa de Entre R\u00edos"}]},{"@type":"WebSite","@id":"https:\/\/www.casadeentrerios.gov.ar\/#website","url":"https:\/\/www.casadeentrerios.gov.ar\/","name":"Casa de Entre Rios","description":"Representaci\u00f3n del Gobierno de Entre Rios en CABA","publisher":{"@id":"https:\/\/www.casadeentrerios.gov.ar\/#organization"},"potentialAction":[{"@type":"SearchAction","target":{"@type":"EntryPoint","urlTemplate":"https:\/\/www.casadeentrerios.gov.ar\/?s={search_term_string}"},"query-input":{"@type":"PropertyValueSpecification","valueRequired":true,"valueName":"search_term_string"}}],"inLanguage":"es"},{"@type":"Organization","@id":"https:\/\/www.casadeentrerios.gov.ar\/#organization","name":"Casa de Entre Rios","url":"https:\/\/www.casadeentrerios.gov.ar\/","logo":{"@type":"ImageObject","inLanguage":"es","@id":"https:\/\/www.casadeentrerios.gov.ar\/#\/schema\/logo\/image\/","url":"https:\/\/www.casadeentrerios.gov.ar\/wp-content\/uploads\/2021\/07\/img_cer_1.png","contentUrl":"https:\/\/www.casadeentrerios.gov.ar\/wp-content\/uploads\/2021\/07\/img_cer_1.png","width":416,"height":87,"caption":"Casa de Entre Rios"},"image":{"@id":"https:\/\/www.casadeentrerios.gov.ar\/#\/schema\/logo\/image\/"}},{"@type":"Person","@id":"https:\/\/www.casadeentrerios.gov.ar\/#\/schema\/person\/8f711d99d59b83c941adf9e9960f36f9","name":"admin","image":{"@type":"ImageObject","inLanguage":"es","@id":"https:\/\/secure.gravatar.com\/avatar\/83952e3d8f2dd8e4585599a06f137e4070a13a122750ff987dc72294da83e569?s=96&d=mm&r=g","url":"https:\/\/secure.gravatar.com\/avatar\/83952e3d8f2dd8e4585599a06f137e4070a13a122750ff987dc72294da83e569?s=96&d=mm&r=g","contentUrl":"https:\/\/secure.gravatar.com\/avatar\/83952e3d8f2dd8e4585599a06f137e4070a13a122750ff987dc72294da83e569?s=96&d=mm&r=g","caption":"admin"},"sameAs":["http:\/\/www.casadeentrerios.gov.ar"],"url":"https:\/\/www.casadeentrerios.gov.ar\/?author=1"}]}},"_links":{"self":[{"href":"https:\/\/www.casadeentrerios.gov.ar\/index.php?rest_route=\/wp\/v2\/posts\/24854","targetHints":{"allow":["GET"]}}],"collection":[{"href":"https:\/\/www.casadeentrerios.gov.ar\/index.php?rest_route=\/wp\/v2\/posts"}],"about":[{"href":"https:\/\/www.casadeentrerios.gov.ar\/index.php?rest_route=\/wp\/v2\/types\/post"}],"author":[{"embeddable":true,"href":"https:\/\/www.casadeentrerios.gov.ar\/index.php?rest_route=\/wp\/v2\/users\/1"}],"replies":[{"embeddable":true,"href":"https:\/\/www.casadeentrerios.gov.ar\/index.php?rest_route=%2Fwp%2Fv2%2Fcomments&post=24854"}],"version-history":[{"count":46,"href":"https:\/\/www.casadeentrerios.gov.ar\/index.php?rest_route=\/wp\/v2\/posts\/24854\/revisions"}],"predecessor-version":[{"id":24926,"href":"https:\/\/www.casadeentrerios.gov.ar\/index.php?rest_route=\/wp\/v2\/posts\/24854\/revisions\/24926"}],"wp:featuredmedia":[{"embeddable":true,"href":"https:\/\/www.casadeentrerios.gov.ar\/index.php?rest_route=\/wp\/v2\/media\/25231"}],"wp:attachment":[{"href":"https:\/\/www.casadeentrerios.gov.ar\/index.php?rest_route=%2Fwp%2Fv2%2Fmedia&parent=24854"}],"wp:term":[{"taxonomy":"category","embeddable":true,"href":"https:\/\/www.casadeentrerios.gov.ar\/index.php?rest_route=%2Fwp%2Fv2%2Fcategories&post=24854"},{"taxonomy":"post_tag","embeddable":true,"href":"https:\/\/www.casadeentrerios.gov.ar\/index.php?rest_route=%2Fwp%2Fv2%2Ftags&post=24854"}],"curies":[{"name":"wp","href":"https:\/\/api.w.org\/{rel}","templated":true}]}}