{"id":25544,"date":"2026-07-20T19:03:36","date_gmt":"2026-07-20T19:03:36","guid":{"rendered":"https:\/\/www.casadeentrerios.gov.ar\/?p=25544"},"modified":"2026-07-21T12:13:27","modified_gmt":"2026-07-21T12:13:27","slug":"unidos-en-la-cultura-iii-reunira-al-arte-latinoamericano-en-la-casa-de-entre-rios","status":"publish","type":"post","link":"https:\/\/www.casadeentrerios.gov.ar\/?p=25544","title":{"rendered":"\u00abUnidos en la Cultura III\u00bb reunir\u00e1 al arte latinoamericano en la Casa de Entre R\u00edos"},"content":{"rendered":"\t\t<div data-elementor-type=\"wp-post\" data-elementor-id=\"25544\" class=\"elementor elementor-25544\" data-elementor-post-type=\"post\">\n\t\t\t\t\t\t<section class=\"elementor-section elementor-top-section elementor-element elementor-element-e97c0ab elementor-section-boxed elementor-section-height-default elementor-section-height-default\" data-id=\"e97c0ab\" data-element_type=\"section\" data-e-type=\"section\">\n\t\t\t\t\t\t<div class=\"elementor-container elementor-column-gap-default\">\n\t\t\t\t\t<div class=\"elementor-column elementor-col-100 elementor-top-column elementor-element elementor-element-9126cda\" data-id=\"9126cda\" data-element_type=\"column\" data-e-type=\"column\">\n\t\t\t<div class=\"elementor-widget-wrap elementor-element-populated\">\n\t\t\t\t\t\t<div class=\"elementor-element elementor-element-91046c2 elementor-widget elementor-widget-spacer\" data-id=\"91046c2\" data-element_type=\"widget\" data-e-type=\"widget\" data-widget_type=\"spacer.default\">\n\t\t\t\t<div class=\"elementor-widget-container\">\n\t\t\t\t\t\t\t<div class=\"elementor-spacer\">\n\t\t\t<div class=\"elementor-spacer-inner\"><\/div>\n\t\t<\/div>\n\t\t\t\t\t\t<\/div>\n\t\t\t\t<\/div>\n\t\t\t\t\t<\/div>\n\t\t<\/div>\n\t\t\t\t\t<\/div>\n\t\t<\/section>\n\t\t\t\t<section class=\"elementor-section elementor-top-section elementor-element elementor-element-291229d7 elementor-section-boxed elementor-section-height-default elementor-section-height-default\" data-id=\"291229d7\" data-element_type=\"section\" data-e-type=\"section\">\n\t\t\t\t\t\t<div class=\"elementor-container elementor-column-gap-default\">\n\t\t\t\t\t<div class=\"elementor-column elementor-col-100 elementor-top-column elementor-element elementor-element-63b441be\" data-id=\"63b441be\" data-element_type=\"column\" data-e-type=\"column\">\n\t\t\t<div class=\"elementor-widget-wrap elementor-element-populated\">\n\t\t\t\t\t\t<div class=\"elementor-element elementor-element-6fc4e8c1 elementor-widget elementor-widget-heading\" data-id=\"6fc4e8c1\" data-element_type=\"widget\" data-e-type=\"widget\" data-widget_type=\"heading.default\">\n\t\t\t\t<div class=\"elementor-widget-container\">\n\t\t\t\t\t<h2 class=\"elementor-heading-title elementor-size-default\">\"Unidos en la Cultura III\" reunir\u00e1 al arte latinoamericano en la Casa de Entre R\u00edos<\/h2>\t\t\t\t<\/div>\n\t\t\t\t<\/div>\n\t\t\t\t\t<\/div>\n\t\t<\/div>\n\t\t\t\t\t<\/div>\n\t\t<\/section>\n\t\t\t\t<section class=\"elementor-section elementor-top-section elementor-element elementor-element-7a2047bd elementor-section-boxed elementor-section-height-default elementor-section-height-default\" data-id=\"7a2047bd\" data-element_type=\"section\" data-e-type=\"section\">\n\t\t\t\t\t\t<div class=\"elementor-container elementor-column-gap-default\">\n\t\t\t\t\t<div class=\"elementor-column elementor-col-100 elementor-top-column elementor-element elementor-element-4551fa0b\" data-id=\"4551fa0b\" data-element_type=\"column\" data-e-type=\"column\">\n\t\t\t<div class=\"elementor-widget-wrap elementor-element-populated\">\n\t\t\t\t\t\t<div class=\"elementor-element elementor-element-3f413e12 elementor-widget elementor-widget-text-editor\" data-id=\"3f413e12\" data-element_type=\"widget\" data-e-type=\"widget\" data-widget_type=\"text-editor.default\">\n\t\t\t\t<div class=\"elementor-widget-container\">\n\t\t\t\t\t\t\t\t\t<p>La inauguraci\u00f3n de la muestra reunir\u00e1 a artistas de Per\u00fa, Chile, Paraguay y Argentina en el marco de la Jornada de la Peruanidad en Buenos Aires, una propuesta que promueve el intercambio cultural a trav\u00e9s del arte, la literatura y la m\u00fasica.<\/p>\t\t\t\t\t\t\t\t<\/div>\n\t\t\t\t<\/div>\n\t\t\t\t\t<\/div>\n\t\t<\/div>\n\t\t\t\t\t<\/div>\n\t\t<\/section>\n\t\t\t\t<section class=\"elementor-section elementor-top-section elementor-element elementor-element-5b1129db elementor-section-boxed elementor-section-height-default elementor-section-height-default\" data-id=\"5b1129db\" data-element_type=\"section\" data-e-type=\"section\">\n\t\t\t\t\t\t<div class=\"elementor-container elementor-column-gap-default\">\n\t\t\t\t\t<div class=\"elementor-column elementor-col-66 elementor-top-column elementor-element elementor-element-1617a139\" data-id=\"1617a139\" data-element_type=\"column\" data-e-type=\"column\">\n\t\t\t<div class=\"elementor-widget-wrap elementor-element-populated\">\n\t\t\t\t\t\t<div class=\"elementor-element elementor-element-f4b81b elementor-widget elementor-widget-text-editor\" data-id=\"f4b81b\" data-element_type=\"widget\" data-e-type=\"widget\" data-widget_type=\"text-editor.default\">\n\t\t\t\t<div class=\"elementor-widget-container\">\n\t\t\t\t\t\t\t\t\t<p><strong>Suscribite al newsletter de Casa de Entre Rios &gt;<span style=\"color: #008000;\">\u00a0<a style=\"color: #008000;\" href=\"https:\/\/www.casadeentrerios.gov.ar\/?page_id=2808\" target=\"_blank\" rel=\"noopener\">REGISTRATE<\/a><\/span><\/strong><\/p>\t\t\t\t\t\t\t\t<\/div>\n\t\t\t\t<\/div>\n\t\t\t\t<div class=\"elementor-element elementor-element-478094b7 elementor-widget elementor-widget-text-editor\" data-id=\"478094b7\" data-element_type=\"widget\" data-e-type=\"widget\" data-widget_type=\"text-editor.default\">\n\t\t\t\t<div class=\"elementor-widget-container\">\n\t\t\t\t\t\t\t\t\t<div class=\"flex flex-grow flex-col gap-3\"><div class=\"min-h-[20px] flex flex-col items-start gap-4 whitespace-pre-wrap\"><div class=\"markdown prose w-full break-words dark:prose-invert light\"><p class=\"PDq2pG_selectionAnchorContainer\" data-start=\"492\" data-end=\"797\">La Casa de Entre R\u00edos ser\u00e1 sede de la inauguraci\u00f3n de la muestra de artistas pl\u00e1sticos\u00a0<strong data-start=\"579\" data-end=\"609\">\u00abUnidos en la Cultura III\u00bb<\/strong>, que se realizar\u00e1 el pr\u00f3ximo\u00a0<strong data-start=\"639\" data-end=\"678\">viernes 24 de julio, a las 17 horas<\/strong>, en\u00a0<strong data-start=\"683\" data-end=\"733\">Suipacha 844 (CABA)<\/strong>, como parte de la\u00a0<strong data-start=\"752\" data-end=\"796\">Jornada de la Peruanidad en Buenos Aires<\/strong>.<\/p><p data-start=\"799\" data-end=\"1077\">La actividad integra la programaci\u00f3n organizada por la\u00a0<strong data-start=\"854\" data-end=\"931\">Asociaci\u00f3n Civil Uni\u00f3n Peruana Cultural Mundial de la Rep\u00fablica Argentina<\/strong>, que se desarrollar\u00e1 del\u00a0<strong data-start=\"957\" data-end=\"987\">24 de julio al 3 de agosto<\/strong>, en conmemoraci\u00f3n del\u00a0<strong data-start=\"1010\" data-end=\"1076\">205.\u00ba aniversario de la Independencia de la Rep\u00fablica del Per\u00fa<\/strong>.<\/p><p data-start=\"1079\" data-end=\"1489\">La muestra, con curadur\u00eda de Sergio Cruz, reunir\u00e1 obras de artistas de Per\u00fa, Chile, Paraguay y Argentina. Por Per\u00fa participar\u00e1n Yana \u00c1lvarez, Piero Vicente y Brian Mayhua; por Chile, Andrea Jatz; por Paraguay, Clara Alegre; y por Argentina, Alfredo Bravo, Maxi Rojas, Sabrina Federico, Hugo Freda, Andrea Avagnina y Emilio Moreno. En este marco, Entre R\u00edos estar\u00e1 representada por las artistas Viv\u00ed Berthet y Ana Cabrera Grohs.<\/p><p data-start=\"1491\" data-end=\"1790\">La apertura contar\u00e1 adem\u00e1s con la participaci\u00f3n de la soprano peruana\u00a0<strong data-start=\"1561\" data-end=\"1577\">Yana \u00c1lvarez<\/strong>, el m\u00fasico entrerriano\u00a0<strong data-start=\"1601\" data-end=\"1621\">Humberto Morisse<\/strong>\u00a0y una presentaci\u00f3n de danzas tradicionales del Per\u00fa a cargo de\u00a0<strong data-start=\"1685\" data-end=\"1701\">Julissa Arce<\/strong>\u00a0y\u00a0<strong data-start=\"1704\" data-end=\"1721\">Eduardo Licla<\/strong>. La jornada incluir\u00e1 tambi\u00e9n una degustaci\u00f3n de gastronom\u00eda peruana.<\/p><p data-start=\"1491\" data-end=\"1790\">La actividad cuenta con el acompa\u00f1amiento institucional de la Representaci\u00f3n del Gobierno de Entre R\u00edos en Buenos Aires, de la Confederaci\u00f3n Argentina de Colectividades y del Consulado General del Per\u00fa en Buenos Aires.<\/p><p data-start=\"1792\" data-end=\"1829\"><strong data-start=\"1792\" data-end=\"1829\">La entrada ser\u00e1 libre y gratuita.<\/strong><\/p><\/div><\/div><\/div>\t\t\t\t\t\t\t\t<\/div>\n\t\t\t\t<\/div>\n\t\t\t\t<div class=\"elementor-element elementor-element-503e5e92 elementor-widget elementor-widget-text-editor\" data-id=\"503e5e92\" data-element_type=\"widget\" data-e-type=\"widget\" data-widget_type=\"text-editor.default\">\n\t\t\t\t<div class=\"elementor-widget-container\">\n\t\t\t\t\t\t\t\t\t<p>\u00a0<\/p><p><strong>Equipo de Prensa<\/strong><\/p><p>comunicacion@casadeentrerios.gov.ar<\/p>\t\t\t\t\t\t\t\t<\/div>\n\t\t\t\t<\/div>\n\t\t\t\t<div class=\"elementor-element elementor-element-dc069a4 elementor-widget elementor-widget-text-editor\" data-id=\"dc069a4\" data-element_type=\"widget\" data-e-type=\"widget\" data-widget_type=\"text-editor.default\">\n\t\t\t\t<div class=\"elementor-widget-container\">\n\t\t\t\t\t\t\t\t\t<p><strong style=\"color: var( --e-global-color-dea41e4 ); letter-spacing: var( --e-global-typography-b2ce6af-letter-spacing ); word-spacing: var( --e-global-typography-b2ce6af-word-spacing );\">Suscribite al newsletter de Casa de Entre Rios &gt;<span style=\"color: #008000;\">\u00a0<a style=\"color: #008000;\" href=\"https:\/\/www.casadeentrerios.gov.ar\/?page_id=2808\" target=\"_blank\" rel=\"noopener\">REGISTRATE<\/a><\/span><\/strong><\/p>\t\t\t\t\t\t\t\t<\/div>\n\t\t\t\t<\/div>\n\t\t\t\t\t<\/div>\n\t\t<\/div>\n\t\t\t\t<div class=\"elementor-column elementor-col-33 elementor-top-column elementor-element elementor-element-576219af\" data-id=\"576219af\" data-element_type=\"column\" data-e-type=\"column\">\n\t\t\t<div class=\"elementor-widget-wrap\">\n\t\t\t\t\t\t\t<\/div>\n\t\t<\/div>\n\t\t\t\t\t<\/div>\n\t\t<\/section>\n\t\t\t\t<section class=\"elementor-section elementor-top-section elementor-element elementor-element-c4fcc92 elementor-section-boxed elementor-section-height-default elementor-section-height-default\" data-id=\"c4fcc92\" data-element_type=\"section\" data-e-type=\"section\">\n\t\t\t\t\t\t<div class=\"elementor-container elementor-column-gap-default\">\n\t\t\t\t\t<div class=\"elementor-column elementor-col-100 elementor-top-column elementor-element elementor-element-289eddc\" data-id=\"289eddc\" data-element_type=\"column\" data-e-type=\"column\">\n\t\t\t<div class=\"elementor-widget-wrap elementor-element-populated\">\n\t\t\t\t\t\t<div class=\"elementor-element elementor-element-f1ba2dd elementor-widget elementor-widget-spacer\" data-id=\"f1ba2dd\" data-element_type=\"widget\" data-e-type=\"widget\" data-widget_type=\"spacer.default\">\n\t\t\t\t<div class=\"elementor-widget-container\">\n\t\t\t\t\t\t\t<div class=\"elementor-spacer\">\n\t\t\t<div class=\"elementor-spacer-inner\"><\/div>\n\t\t<\/div>\n\t\t\t\t\t\t<\/div>\n\t\t\t\t<\/div>\n\t\t\t\t\t<\/div>\n\t\t<\/div>\n\t\t\t\t\t<\/div>\n\t\t<\/section>\n\t\t\t\t<\/div>\n\t\t","protected":false},"excerpt":{"rendered":"<p>\u00abUnidos en la Cultura III\u00bb reunir\u00e1 al arte latinoamericano en la Casa de Entre R\u00edos La inauguraci\u00f3n de la muestra reunir\u00e1 a artistas de Per\u00fa, Chile, Paraguay y Argentina en el marco de la Jornada de la Peruanidad en Buenos Aires, una propuesta que promueve el intercambio cultural a trav\u00e9s del arte, la literatura y [&hellip;]<\/p>\n","protected":false},"author":1,"featured_media":25530,"comment_status":"closed","ping_status":"open","sticky":false,"template":"","format":"standard","meta":{"footnotes":""},"categories":[1],"tags":[],"class_list":["post-25544","post","type-post","status-publish","format-standard","has-post-thumbnail","hentry","category-sin-categoria"],"yoast_head":"<!-- This site is optimized with the Yoast SEO plugin v27.5 - https:\/\/yoast.com\/product\/yoast-seo-wordpress\/ -->\n<title>&quot;Unidos en la Cultura III&quot; reunir\u00e1 al arte latinoamericano en la Casa de Entre R\u00edos - Casa de Entre Rios<\/title>\n<meta name=\"robots\" content=\"index, follow, max-snippet:-1, max-image-preview:large, max-video-preview:-1\" \/>\n<link rel=\"canonical\" href=\"https:\/\/www.casadeentrerios.gov.ar\/?p=25544\" \/>\n<meta property=\"og:locale\" content=\"es_ES\" \/>\n<meta property=\"og:type\" content=\"article\" \/>\n<meta property=\"og:title\" content=\"&quot;Unidos en la Cultura III&quot; reunir\u00e1 al arte latinoamericano en la Casa de Entre R\u00edos - Casa de Entre Rios\" \/>\n<meta property=\"og:description\" content=\"\u00abUnidos en la Cultura III\u00bb reunir\u00e1 al arte latinoamericano en la Casa de Entre R\u00edos La inauguraci\u00f3n de la muestra reunir\u00e1 a artistas de Per\u00fa, Chile, Paraguay y Argentina en el marco de la Jornada de la Peruanidad en Buenos Aires, una propuesta que promueve el intercambio cultural a trav\u00e9s del arte, la literatura y [&hellip;]\" \/>\n<meta property=\"og:url\" content=\"https:\/\/www.casadeentrerios.gov.ar\/?p=25544\" \/>\n<meta property=\"og:site_name\" content=\"Casa de Entre Rios\" \/>\n<meta property=\"article:published_time\" content=\"2026-07-20T19:03:36+00:00\" \/>\n<meta property=\"article:modified_time\" content=\"2026-07-21T12:13:27+00:00\" \/>\n<meta property=\"og:image\" content=\"https:\/\/www.casadeentrerios.gov.ar\/wp-content\/uploads\/2026\/07\/img_fondo_pantalla-1024x561.png\" \/>\n\t<meta property=\"og:image:width\" content=\"1024\" \/>\n\t<meta property=\"og:image:height\" content=\"561\" \/>\n\t<meta property=\"og:image:type\" content=\"image\/png\" \/>\n<meta name=\"author\" content=\"admin\" \/>\n<meta name=\"twitter:card\" content=\"summary_large_image\" \/>\n<meta name=\"twitter:label1\" content=\"Escrito por\" \/>\n\t<meta name=\"twitter:data1\" content=\"admin\" \/>\n\t<meta name=\"twitter:label2\" content=\"Tiempo de lectura\" \/>\n\t<meta name=\"twitter:data2\" content=\"2 minutos\" \/>\n<script type=\"application\/ld+json\" class=\"yoast-schema-graph\">{\"@context\":\"https:\\\/\\\/schema.org\",\"@graph\":[{\"@type\":\"Article\",\"@id\":\"https:\\\/\\\/www.casadeentrerios.gov.ar\\\/?p=25544#article\",\"isPartOf\":{\"@id\":\"https:\\\/\\\/www.casadeentrerios.gov.ar\\\/?p=25544\"},\"author\":{\"name\":\"admin\",\"@id\":\"https:\\\/\\\/www.casadeentrerios.gov.ar\\\/#\\\/schema\\\/person\\\/8f711d99d59b83c941adf9e9960f36f9\"},\"headline\":\"\u00abUnidos en la Cultura III\u00bb reunir\u00e1 al arte latinoamericano en la Casa de Entre R\u00edos\",\"datePublished\":\"2026-07-20T19:03:36+00:00\",\"dateModified\":\"2026-07-21T12:13:27+00:00\",\"mainEntityOfPage\":{\"@id\":\"https:\\\/\\\/www.casadeentrerios.gov.ar\\\/?p=25544\"},\"wordCount\":362,\"publisher\":{\"@id\":\"https:\\\/\\\/www.casadeentrerios.gov.ar\\\/#organization\"},\"image\":{\"@id\":\"https:\\\/\\\/www.casadeentrerios.gov.ar\\\/?p=25544#primaryimage\"},\"thumbnailUrl\":\"https:\\\/\\\/www.casadeentrerios.gov.ar\\\/wp-content\\\/uploads\\\/2026\\\/07\\\/img_fondo_pantalla-scaled.png\",\"inLanguage\":\"es\"},{\"@type\":\"WebPage\",\"@id\":\"https:\\\/\\\/www.casadeentrerios.gov.ar\\\/?p=25544\",\"url\":\"https:\\\/\\\/www.casadeentrerios.gov.ar\\\/?p=25544\",\"name\":\"\\\"Unidos en la Cultura III\\\" reunir\u00e1 al arte latinoamericano en la Casa de Entre R\u00edos - Casa de Entre Rios\",\"isPartOf\":{\"@id\":\"https:\\\/\\\/www.casadeentrerios.gov.ar\\\/#website\"},\"primaryImageOfPage\":{\"@id\":\"https:\\\/\\\/www.casadeentrerios.gov.ar\\\/?p=25544#primaryimage\"},\"image\":{\"@id\":\"https:\\\/\\\/www.casadeentrerios.gov.ar\\\/?p=25544#primaryimage\"},\"thumbnailUrl\":\"https:\\\/\\\/www.casadeentrerios.gov.ar\\\/wp-content\\\/uploads\\\/2026\\\/07\\\/img_fondo_pantalla-scaled.png\",\"datePublished\":\"2026-07-20T19:03:36+00:00\",\"dateModified\":\"2026-07-21T12:13:27+00:00\",\"breadcrumb\":{\"@id\":\"https:\\\/\\\/www.casadeentrerios.gov.ar\\\/?p=25544#breadcrumb\"},\"inLanguage\":\"es\",\"potentialAction\":[{\"@type\":\"ReadAction\",\"target\":[\"https:\\\/\\\/www.casadeentrerios.gov.ar\\\/?p=25544\"]}]},{\"@type\":\"ImageObject\",\"inLanguage\":\"es\",\"@id\":\"https:\\\/\\\/www.casadeentrerios.gov.ar\\\/?p=25544#primaryimage\",\"url\":\"https:\\\/\\\/www.casadeentrerios.gov.ar\\\/wp-content\\\/uploads\\\/2026\\\/07\\\/img_fondo_pantalla-scaled.png\",\"contentUrl\":\"https:\\\/\\\/www.casadeentrerios.gov.ar\\\/wp-content\\\/uploads\\\/2026\\\/07\\\/img_fondo_pantalla-scaled.png\",\"width\":2560,\"height\":1402},{\"@type\":\"BreadcrumbList\",\"@id\":\"https:\\\/\\\/www.casadeentrerios.gov.ar\\\/?p=25544#breadcrumb\",\"itemListElement\":[{\"@type\":\"ListItem\",\"position\":1,\"name\":\"Portada\",\"item\":\"https:\\\/\\\/www.casadeentrerios.gov.ar\\\/\"},{\"@type\":\"ListItem\",\"position\":2,\"name\":\"\u00abUnidos en la Cultura III\u00bb reunir\u00e1 al arte latinoamericano en la Casa de Entre R\u00edos\"}]},{\"@type\":\"WebSite\",\"@id\":\"https:\\\/\\\/www.casadeentrerios.gov.ar\\\/#website\",\"url\":\"https:\\\/\\\/www.casadeentrerios.gov.ar\\\/\",\"name\":\"Casa de Entre Rios\",\"description\":\"Representaci\u00f3n del Gobierno de Entre Rios en CABA\",\"publisher\":{\"@id\":\"https:\\\/\\\/www.casadeentrerios.gov.ar\\\/#organization\"},\"potentialAction\":[{\"@type\":\"SearchAction\",\"target\":{\"@type\":\"EntryPoint\",\"urlTemplate\":\"https:\\\/\\\/www.casadeentrerios.gov.ar\\\/?s={search_term_string}\"},\"query-input\":{\"@type\":\"PropertyValueSpecification\",\"valueRequired\":true,\"valueName\":\"search_term_string\"}}],\"inLanguage\":\"es\"},{\"@type\":\"Organization\",\"@id\":\"https:\\\/\\\/www.casadeentrerios.gov.ar\\\/#organization\",\"name\":\"Casa de Entre Rios\",\"url\":\"https:\\\/\\\/www.casadeentrerios.gov.ar\\\/\",\"logo\":{\"@type\":\"ImageObject\",\"inLanguage\":\"es\",\"@id\":\"https:\\\/\\\/www.casadeentrerios.gov.ar\\\/#\\\/schema\\\/logo\\\/image\\\/\",\"url\":\"https:\\\/\\\/www.casadeentrerios.gov.ar\\\/wp-content\\\/uploads\\\/2021\\\/07\\\/img_cer_1.png\",\"contentUrl\":\"https:\\\/\\\/www.casadeentrerios.gov.ar\\\/wp-content\\\/uploads\\\/2021\\\/07\\\/img_cer_1.png\",\"width\":416,\"height\":87,\"caption\":\"Casa de Entre Rios\"},\"image\":{\"@id\":\"https:\\\/\\\/www.casadeentrerios.gov.ar\\\/#\\\/schema\\\/logo\\\/image\\\/\"}},{\"@type\":\"Person\",\"@id\":\"https:\\\/\\\/www.casadeentrerios.gov.ar\\\/#\\\/schema\\\/person\\\/8f711d99d59b83c941adf9e9960f36f9\",\"name\":\"admin\",\"image\":{\"@type\":\"ImageObject\",\"inLanguage\":\"es\",\"@id\":\"https:\\\/\\\/secure.gravatar.com\\\/avatar\\\/83952e3d8f2dd8e4585599a06f137e4070a13a122750ff987dc72294da83e569?s=96&d=mm&r=g\",\"url\":\"https:\\\/\\\/secure.gravatar.com\\\/avatar\\\/83952e3d8f2dd8e4585599a06f137e4070a13a122750ff987dc72294da83e569?s=96&d=mm&r=g\",\"contentUrl\":\"https:\\\/\\\/secure.gravatar.com\\\/avatar\\\/83952e3d8f2dd8e4585599a06f137e4070a13a122750ff987dc72294da83e569?s=96&d=mm&r=g\",\"caption\":\"admin\"},\"sameAs\":[\"http:\\\/\\\/www.casadeentrerios.gov.ar\"],\"url\":\"https:\\\/\\\/www.casadeentrerios.gov.ar\\\/?author=1\"}]}<\/script>\n<!-- \/ Yoast SEO plugin. -->","yoast_head_json":{"title":"\"Unidos en la Cultura III\" reunir\u00e1 al arte latinoamericano en la Casa de Entre R\u00edos - Casa de Entre Rios","robots":{"index":"index","follow":"follow","max-snippet":"max-snippet:-1","max-image-preview":"max-image-preview:large","max-video-preview":"max-video-preview:-1"},"canonical":"https:\/\/www.casadeentrerios.gov.ar\/?p=25544","og_locale":"es_ES","og_type":"article","og_title":"\"Unidos en la Cultura III\" reunir\u00e1 al arte latinoamericano en la Casa de Entre R\u00edos - Casa de Entre Rios","og_description":"\u00abUnidos en la Cultura III\u00bb reunir\u00e1 al arte latinoamericano en la Casa de Entre R\u00edos La inauguraci\u00f3n de la muestra reunir\u00e1 a artistas de Per\u00fa, Chile, Paraguay y Argentina en el marco de la Jornada de la Peruanidad en Buenos Aires, una propuesta que promueve el intercambio cultural a trav\u00e9s del arte, la literatura y [&hellip;]","og_url":"https:\/\/www.casadeentrerios.gov.ar\/?p=25544","og_site_name":"Casa de Entre Rios","article_published_time":"2026-07-20T19:03:36+00:00","article_modified_time":"2026-07-21T12:13:27+00:00","og_image":[{"width":1024,"height":561,"url":"https:\/\/www.casadeentrerios.gov.ar\/wp-content\/uploads\/2026\/07\/img_fondo_pantalla-1024x561.png","type":"image\/png"}],"author":"admin","twitter_card":"summary_large_image","twitter_misc":{"Escrito por":"admin","Tiempo de lectura":"2 minutos"},"schema":{"@context":"https:\/\/schema.org","@graph":[{"@type":"Article","@id":"https:\/\/www.casadeentrerios.gov.ar\/?p=25544#article","isPartOf":{"@id":"https:\/\/www.casadeentrerios.gov.ar\/?p=25544"},"author":{"name":"admin","@id":"https:\/\/www.casadeentrerios.gov.ar\/#\/schema\/person\/8f711d99d59b83c941adf9e9960f36f9"},"headline":"\u00abUnidos en la Cultura III\u00bb reunir\u00e1 al arte latinoamericano en la Casa de Entre R\u00edos","datePublished":"2026-07-20T19:03:36+00:00","dateModified":"2026-07-21T12:13:27+00:00","mainEntityOfPage":{"@id":"https:\/\/www.casadeentrerios.gov.ar\/?p=25544"},"wordCount":362,"publisher":{"@id":"https:\/\/www.casadeentrerios.gov.ar\/#organization"},"image":{"@id":"https:\/\/www.casadeentrerios.gov.ar\/?p=25544#primaryimage"},"thumbnailUrl":"https:\/\/www.casadeentrerios.gov.ar\/wp-content\/uploads\/2026\/07\/img_fondo_pantalla-scaled.png","inLanguage":"es"},{"@type":"WebPage","@id":"https:\/\/www.casadeentrerios.gov.ar\/?p=25544","url":"https:\/\/www.casadeentrerios.gov.ar\/?p=25544","name":"\"Unidos en la Cultura III\" reunir\u00e1 al arte latinoamericano en la Casa de Entre R\u00edos - Casa de Entre Rios","isPartOf":{"@id":"https:\/\/www.casadeentrerios.gov.ar\/#website"},"primaryImageOfPage":{"@id":"https:\/\/www.casadeentrerios.gov.ar\/?p=25544#primaryimage"},"image":{"@id":"https:\/\/www.casadeentrerios.gov.ar\/?p=25544#primaryimage"},"thumbnailUrl":"https:\/\/www.casadeentrerios.gov.ar\/wp-content\/uploads\/2026\/07\/img_fondo_pantalla-scaled.png","datePublished":"2026-07-20T19:03:36+00:00","dateModified":"2026-07-21T12:13:27+00:00","breadcrumb":{"@id":"https:\/\/www.casadeentrerios.gov.ar\/?p=25544#breadcrumb"},"inLanguage":"es","potentialAction":[{"@type":"ReadAction","target":["https:\/\/www.casadeentrerios.gov.ar\/?p=25544"]}]},{"@type":"ImageObject","inLanguage":"es","@id":"https:\/\/www.casadeentrerios.gov.ar\/?p=25544#primaryimage","url":"https:\/\/www.casadeentrerios.gov.ar\/wp-content\/uploads\/2026\/07\/img_fondo_pantalla-scaled.png","contentUrl":"https:\/\/www.casadeentrerios.gov.ar\/wp-content\/uploads\/2026\/07\/img_fondo_pantalla-scaled.png","width":2560,"height":1402},{"@type":"BreadcrumbList","@id":"https:\/\/www.casadeentrerios.gov.ar\/?p=25544#breadcrumb","itemListElement":[{"@type":"ListItem","position":1,"name":"Portada","item":"https:\/\/www.casadeentrerios.gov.ar\/"},{"@type":"ListItem","position":2,"name":"\u00abUnidos en la Cultura III\u00bb reunir\u00e1 al arte latinoamericano en la Casa de Entre R\u00edos"}]},{"@type":"WebSite","@id":"https:\/\/www.casadeentrerios.gov.ar\/#website","url":"https:\/\/www.casadeentrerios.gov.ar\/","name":"Casa de Entre Rios","description":"Representaci\u00f3n del Gobierno de Entre Rios en CABA","publisher":{"@id":"https:\/\/www.casadeentrerios.gov.ar\/#organization"},"potentialAction":[{"@type":"SearchAction","target":{"@type":"EntryPoint","urlTemplate":"https:\/\/www.casadeentrerios.gov.ar\/?s={search_term_string}"},"query-input":{"@type":"PropertyValueSpecification","valueRequired":true,"valueName":"search_term_string"}}],"inLanguage":"es"},{"@type":"Organization","@id":"https:\/\/www.casadeentrerios.gov.ar\/#organization","name":"Casa de Entre Rios","url":"https:\/\/www.casadeentrerios.gov.ar\/","logo":{"@type":"ImageObject","inLanguage":"es","@id":"https:\/\/www.casadeentrerios.gov.ar\/#\/schema\/logo\/image\/","url":"https:\/\/www.casadeentrerios.gov.ar\/wp-content\/uploads\/2021\/07\/img_cer_1.png","contentUrl":"https:\/\/www.casadeentrerios.gov.ar\/wp-content\/uploads\/2021\/07\/img_cer_1.png","width":416,"height":87,"caption":"Casa de Entre Rios"},"image":{"@id":"https:\/\/www.casadeentrerios.gov.ar\/#\/schema\/logo\/image\/"}},{"@type":"Person","@id":"https:\/\/www.casadeentrerios.gov.ar\/#\/schema\/person\/8f711d99d59b83c941adf9e9960f36f9","name":"admin","image":{"@type":"ImageObject","inLanguage":"es","@id":"https:\/\/secure.gravatar.com\/avatar\/83952e3d8f2dd8e4585599a06f137e4070a13a122750ff987dc72294da83e569?s=96&d=mm&r=g","url":"https:\/\/secure.gravatar.com\/avatar\/83952e3d8f2dd8e4585599a06f137e4070a13a122750ff987dc72294da83e569?s=96&d=mm&r=g","contentUrl":"https:\/\/secure.gravatar.com\/avatar\/83952e3d8f2dd8e4585599a06f137e4070a13a122750ff987dc72294da83e569?s=96&d=mm&r=g","caption":"admin"},"sameAs":["http:\/\/www.casadeentrerios.gov.ar"],"url":"https:\/\/www.casadeentrerios.gov.ar\/?author=1"}]}},"_links":{"self":[{"href":"https:\/\/www.casadeentrerios.gov.ar\/index.php?rest_route=\/wp\/v2\/posts\/25544","targetHints":{"allow":["GET"]}}],"collection":[{"href":"https:\/\/www.casadeentrerios.gov.ar\/index.php?rest_route=\/wp\/v2\/posts"}],"about":[{"href":"https:\/\/www.casadeentrerios.gov.ar\/index.php?rest_route=\/wp\/v2\/types\/post"}],"author":[{"embeddable":true,"href":"https:\/\/www.casadeentrerios.gov.ar\/index.php?rest_route=\/wp\/v2\/users\/1"}],"replies":[{"embeddable":true,"href":"https:\/\/www.casadeentrerios.gov.ar\/index.php?rest_route=%2Fwp%2Fv2%2Fcomments&post=25544"}],"version-history":[{"count":31,"href":"https:\/\/www.casadeentrerios.gov.ar\/index.php?rest_route=\/wp\/v2\/posts\/25544\/revisions"}],"predecessor-version":[{"id":25595,"href":"https:\/\/www.casadeentrerios.gov.ar\/index.php?rest_route=\/wp\/v2\/posts\/25544\/revisions\/25595"}],"wp:featuredmedia":[{"embeddable":true,"href":"https:\/\/www.casadeentrerios.gov.ar\/index.php?rest_route=\/wp\/v2\/media\/25530"}],"wp:attachment":[{"href":"https:\/\/www.casadeentrerios.gov.ar\/index.php?rest_route=%2Fwp%2Fv2%2Fmedia&parent=25544"}],"wp:term":[{"taxonomy":"category","embeddable":true,"href":"https:\/\/www.casadeentrerios.gov.ar\/index.php?rest_route=%2Fwp%2Fv2%2Fcategories&post=25544"},{"taxonomy":"post_tag","embeddable":true,"href":"https:\/\/www.casadeentrerios.gov.ar\/index.php?rest_route=%2Fwp%2Fv2%2Ftags&post=25544"}],"curies":[{"name":"wp","href":"https:\/\/api.w.org\/{rel}","templated":true}]}}