{"id":25925,"date":"2026-08-08T02:43:19","date_gmt":"2026-08-08T02:43:19","guid":{"rendered":"https:\/\/www.casadeentrerios.gov.ar\/?p=25925"},"modified":"2026-08-08T15:17:42","modified_gmt":"2026-08-08T15:17:42","slug":"presentaron-en-buenos-aires-los-principales-ejes-de-inocua-2026","status":"publish","type":"post","link":"https:\/\/www.casadeentrerios.gov.ar\/?p=25925","title":{"rendered":"Presentaron en Buenos Aires los principales ejes de INOCUA 2026"},"content":{"rendered":"\t\t<div data-elementor-type=\"wp-post\" data-elementor-id=\"25925\" class=\"elementor elementor-25925\" data-elementor-post-type=\"post\">\n\t\t\t\t\t\t<section class=\"elementor-section elementor-top-section elementor-element elementor-element-2ad62cd elementor-section-boxed elementor-section-height-default elementor-section-height-default\" data-id=\"2ad62cd\" data-element_type=\"section\" data-e-type=\"section\">\n\t\t\t\t\t\t<div class=\"elementor-container elementor-column-gap-default\">\n\t\t\t\t\t<div class=\"elementor-column elementor-col-100 elementor-top-column elementor-element elementor-element-33d0467\" data-id=\"33d0467\" data-element_type=\"column\" data-e-type=\"column\">\n\t\t\t<div class=\"elementor-widget-wrap elementor-element-populated\">\n\t\t\t\t\t\t<div class=\"elementor-element elementor-element-999e1d7 elementor-widget elementor-widget-spacer\" data-id=\"999e1d7\" data-element_type=\"widget\" data-e-type=\"widget\" data-widget_type=\"spacer.default\">\n\t\t\t\t<div class=\"elementor-widget-container\">\n\t\t\t\t\t\t\t<div class=\"elementor-spacer\">\n\t\t\t<div class=\"elementor-spacer-inner\"><\/div>\n\t\t<\/div>\n\t\t\t\t\t\t<\/div>\n\t\t\t\t<\/div>\n\t\t\t\t\t<\/div>\n\t\t<\/div>\n\t\t\t\t\t<\/div>\n\t\t<\/section>\n\t\t\t\t<section class=\"elementor-section elementor-top-section elementor-element elementor-element-6acdec9f elementor-section-boxed elementor-section-height-default elementor-section-height-default\" data-id=\"6acdec9f\" data-element_type=\"section\" data-e-type=\"section\">\n\t\t\t\t\t\t<div class=\"elementor-container elementor-column-gap-default\">\n\t\t\t\t\t<div class=\"elementor-column elementor-col-100 elementor-top-column elementor-element elementor-element-20ecd5ed\" data-id=\"20ecd5ed\" data-element_type=\"column\" data-e-type=\"column\">\n\t\t\t<div class=\"elementor-widget-wrap elementor-element-populated\">\n\t\t\t\t\t\t<div class=\"elementor-element elementor-element-6c65687b elementor-widget elementor-widget-heading\" data-id=\"6c65687b\" data-element_type=\"widget\" data-e-type=\"widget\" data-widget_type=\"heading.default\">\n\t\t\t\t<div class=\"elementor-widget-container\">\n\t\t\t\t\t<h2 class=\"elementor-heading-title elementor-size-default\">Presentaron en Buenos Aires los principales ejes de INOCUA 2026<\/h2>\t\t\t\t<\/div>\n\t\t\t\t<\/div>\n\t\t\t\t\t<\/div>\n\t\t<\/div>\n\t\t\t\t\t<\/div>\n\t\t<\/section>\n\t\t\t\t<section class=\"elementor-section elementor-top-section elementor-element elementor-element-45febd2 elementor-section-boxed elementor-section-height-default elementor-section-height-default\" data-id=\"45febd2\" data-element_type=\"section\" data-e-type=\"section\">\n\t\t\t\t\t\t<div class=\"elementor-container elementor-column-gap-default\">\n\t\t\t\t\t<div class=\"elementor-column elementor-col-100 elementor-top-column elementor-element elementor-element-43702427\" data-id=\"43702427\" data-element_type=\"column\" data-e-type=\"column\">\n\t\t\t<div class=\"elementor-widget-wrap elementor-element-populated\">\n\t\t\t\t\t\t<div class=\"elementor-element elementor-element-729f2db4 elementor-widget elementor-widget-text-editor\" data-id=\"729f2db4\" data-element_type=\"widget\" data-e-type=\"widget\" data-widget_type=\"text-editor.default\">\n\t\t\t\t<div class=\"elementor-widget-container\">\n\t\t\t\t\t\t\t\t\t<p class=\"PDq2pG_selectionAnchorContainer\" data-start=\"644\" data-end=\"934\">El encuentro federal sobre inocuidad, gesti\u00f3n e innovaci\u00f3n alimentaria fue presentado en la Representaci\u00f3n del Gobierno de Entre R\u00edos en Buenos Aires. Se realizar\u00e1 el 20 y 21 de agosto en el Centro Provincial de Convenciones de Paran\u00e1, con 14 disertaciones y tres mesas de trabajo.<\/p>\t\t\t\t\t\t\t\t<\/div>\n\t\t\t\t<\/div>\n\t\t\t\t\t<\/div>\n\t\t<\/div>\n\t\t\t\t\t<\/div>\n\t\t<\/section>\n\t\t\t\t<section class=\"elementor-section elementor-top-section elementor-element elementor-element-7a0ad25a elementor-section-boxed elementor-section-height-default elementor-section-height-default\" data-id=\"7a0ad25a\" data-element_type=\"section\" data-e-type=\"section\">\n\t\t\t\t\t\t<div class=\"elementor-container elementor-column-gap-default\">\n\t\t\t\t\t<div class=\"elementor-column elementor-col-100 elementor-top-column elementor-element elementor-element-49bcc3f8\" data-id=\"49bcc3f8\" data-element_type=\"column\" data-e-type=\"column\">\n\t\t\t<div class=\"elementor-widget-wrap elementor-element-populated\">\n\t\t\t\t\t\t<div class=\"elementor-element elementor-element-16ad8d78 elementor-arrows-position-outside elementor-widget elementor-widget-image-carousel\" data-id=\"16ad8d78\" data-element_type=\"widget\" data-e-type=\"widget\" data-settings=\"{&quot;navigation&quot;:&quot;arrows&quot;,&quot;slides_to_show&quot;:&quot;2&quot;,&quot;autoplay&quot;:&quot;yes&quot;,&quot;pause_on_hover&quot;:&quot;yes&quot;,&quot;pause_on_interaction&quot;:&quot;yes&quot;,&quot;autoplay_speed&quot;:5000,&quot;infinite&quot;:&quot;yes&quot;,&quot;speed&quot;:500}\" data-widget_type=\"image-carousel.default\">\n\t\t\t\t<div class=\"elementor-widget-container\">\n\t\t\t\t\t\t\t<div class=\"elementor-image-carousel-wrapper swiper\" role=\"region\" aria-roledescription=\"carousel\" aria-label=\"Carrusel de im\u00e1genes\" dir=\"ltr\">\n\t\t\t<div class=\"elementor-image-carousel swiper-wrapper swiper-image-stretch\" aria-live=\"off\">\n\t\t\t\t\t\t\t\t<div class=\"swiper-slide\" role=\"group\" aria-roledescription=\"slide\" aria-label=\"1 de 3\"><figure class=\"swiper-slide-inner\"><img decoding=\"async\" class=\"swiper-slide-image\" src=\"https:\/\/www.casadeentrerios.gov.ar\/wp-content\/uploads\/2026\/08\/img_4.png\" alt=\"img_4\" \/><\/figure><\/div><div class=\"swiper-slide\" role=\"group\" aria-roledescription=\"slide\" aria-label=\"2 de 3\"><figure class=\"swiper-slide-inner\"><img decoding=\"async\" class=\"swiper-slide-image\" src=\"https:\/\/www.casadeentrerios.gov.ar\/wp-content\/uploads\/2026\/08\/img_2_inocua.png\" alt=\"img_2_inocua\" \/><\/figure><\/div><div class=\"swiper-slide\" role=\"group\" aria-roledescription=\"slide\" aria-label=\"3 de 3\"><figure class=\"swiper-slide-inner\"><img decoding=\"async\" class=\"swiper-slide-image\" src=\"https:\/\/www.casadeentrerios.gov.ar\/wp-content\/uploads\/2026\/08\/img_3.png\" alt=\"img_3\" \/><\/figure><\/div>\t\t\t<\/div>\n\t\t\t\t\t\t\t\t\t\t\t\t<div class=\"elementor-swiper-button elementor-swiper-button-prev\" role=\"button\" tabindex=\"0\">\n\t\t\t\t\t\t<i aria-hidden=\"true\" class=\"eicon-chevron-left\"><\/i>\t\t\t\t\t<\/div>\n\t\t\t\t\t<div class=\"elementor-swiper-button elementor-swiper-button-next\" role=\"button\" tabindex=\"0\">\n\t\t\t\t\t\t<i aria-hidden=\"true\" class=\"eicon-chevron-right\"><\/i>\t\t\t\t\t<\/div>\n\t\t\t\t\n\t\t\t\t\t\t\t\t\t<\/div>\n\t\t\t\t\t\t<\/div>\n\t\t\t\t<\/div>\n\t\t\t\t\t<\/div>\n\t\t<\/div>\n\t\t\t\t\t<\/div>\n\t\t<\/section>\n\t\t\t\t<section class=\"elementor-section elementor-top-section elementor-element elementor-element-2d06176a elementor-section-boxed elementor-section-height-default elementor-section-height-default\" data-id=\"2d06176a\" data-element_type=\"section\" data-e-type=\"section\">\n\t\t\t\t\t\t<div class=\"elementor-container elementor-column-gap-default\">\n\t\t\t\t\t<div class=\"elementor-column elementor-col-66 elementor-top-column elementor-element elementor-element-3f697e90\" data-id=\"3f697e90\" data-element_type=\"column\" data-e-type=\"column\">\n\t\t\t<div class=\"elementor-widget-wrap elementor-element-populated\">\n\t\t\t\t\t\t<div class=\"elementor-element elementor-element-448e93c4 elementor-widget elementor-widget-text-editor\" data-id=\"448e93c4\" data-element_type=\"widget\" data-e-type=\"widget\" data-widget_type=\"text-editor.default\">\n\t\t\t\t<div class=\"elementor-widget-container\">\n\t\t\t\t\t\t\t\t\t<p><strong>Suscribite al newsletter de Casa de Entre Rios &gt;<span style=\"color: #008000;\">\u00a0<a style=\"color: #008000;\" href=\"https:\/\/www.casadeentrerios.gov.ar\/?page_id=2808\" target=\"_blank\" rel=\"noopener\">REGISTRATE<\/a><\/span><\/strong><\/p>\t\t\t\t\t\t\t\t<\/div>\n\t\t\t\t<\/div>\n\t\t\t\t<div class=\"elementor-element elementor-element-375f49d5 elementor-widget elementor-widget-text-editor\" data-id=\"375f49d5\" data-element_type=\"widget\" data-e-type=\"widget\" data-widget_type=\"text-editor.default\">\n\t\t\t\t<div class=\"elementor-widget-container\">\n\t\t\t\t\t\t\t\t\t<p class=\"PDq2pG_selectionAnchorContainer\" data-start=\"736\" data-end=\"1119\">Durante la presentaci\u00f3n se dieron a conocer el programa acad\u00e9mico, el cronograma de actividades, las modalidades de participaci\u00f3n y los principales ejes de INOCUA 2026, que reunir\u00e1 el <strong data-start=\"920\" data-end=\"995\">I Congreso de Inocuidad, Gesti\u00f3n e Innovaci\u00f3n Alimentaria de Entre R\u00edos<\/strong> y el <strong data-start=\"1001\" data-end=\"1080\">V Congreso de la Red de Bromat\u00f3logos Municipales de la Provincia de C\u00f3rdoba<\/strong>.<\/p><p data-start=\"1121\" data-end=\"1795\">La actividad cont\u00f3 con la participaci\u00f3n del ministro de Desarrollo Econ\u00f3mico, <strong data-start=\"1199\" data-end=\"1221\">Guillermo Bernaudo<\/strong>, y del representante del Gobierno de Entre R\u00edos en Buenos Aires, <strong data-start=\"1287\" data-end=\"1302\">Jos\u00e9 Mouli\u00e1<\/strong>. Los detalles del encuentro fueron presentados por la directora general del Instituto de Control de Alimentaci\u00f3n y Bromatolog\u00eda (ICAB), <strong data-start=\"1439\" data-end=\"1455\">Karina Meier<\/strong>; el decano de la Facultad de Bromatolog\u00eda de la Universidad Nacional de Entre R\u00edos (UNER), <strong data-start=\"1547\" data-end=\"1563\">Jos\u00e9 Doratti<\/strong>; el presidente del Colegio de Licenciados en Bromatolog\u00eda de Entre R\u00edos, <strong data-start=\"1637\" data-end=\"1655\">Edgar Raimondo<\/strong>; y <strong data-start=\"1659\" data-end=\"1676\">Mart\u00edn Caggia<\/strong>, representante de la Red de Bromat\u00f3logos Municipales de la Provincia de C\u00f3rdoba.<\/p><p data-start=\"1797\" data-end=\"2100\">La programaci\u00f3n contempla <strong data-start=\"1823\" data-end=\"1867\">14 disertaciones y tres mesas de trabajo<\/strong> distribuidas en dos jornadas. Los contenidos estar\u00e1n organizados en cuatro ejes: legislaci\u00f3n y gesti\u00f3n bromatol\u00f3gica; inocuidad, vigilancia y control alimentario; innovaci\u00f3n y nuevas tecnolog\u00edas; y experiencias locales y regionales.<\/p><p data-start=\"2102\" data-end=\"2294\">La propuesta est\u00e1 dirigida a profesionales, investigadores, estudiantes y equipos t\u00e9cnicos vinculados al sector alimentario. La participaci\u00f3n ser\u00e1 <strong data-start=\"2249\" data-end=\"2293\">libre y gratuita, con inscripci\u00f3n previa<\/strong>.<\/p><p data-start=\"2296\" data-end=\"2589\">INOCUA 2026 es organizado por el <strong data-start=\"2329\" data-end=\"2550\">Instituto de Control de Alimentaci\u00f3n y Bromatolog\u00eda de Entre R\u00edos (ICAB), la Facultad de Bromatolog\u00eda de la UNER, el Colegio de Licenciados en Bromatolog\u00eda de Entre R\u00edos y la Red de Bromat\u00f3logos Municipales de C\u00f3rdoba<\/strong>.<\/p><p data-start=\"2591\" data-end=\"2665\"><strong data-start=\"2591\" data-end=\"2627\">M\u00e1s informaci\u00f3n e inscripciones:<\/strong> <span class=\"contents\" data-content-reference-start=\"2600\" data-content-reference-end=\"2648\"><span class=\"\" data-state=\"closed\"><a class=\"decorated-link\" href=\"https:\/\/inocua.fb.uner.edu.ar\/?utm_source=chatgpt.com\" target=\"_blank\" rel=\"noopener\">INOCUA 2026<\/a><\/span><\/span><\/p>\t\t\t\t\t\t\t\t<\/div>\n\t\t\t\t<\/div>\n\t\t\t\t<div class=\"elementor-element elementor-element-15d828b7 elementor-widget elementor-widget-text-editor\" data-id=\"15d828b7\" data-element_type=\"widget\" data-e-type=\"widget\" data-widget_type=\"text-editor.default\">\n\t\t\t\t<div class=\"elementor-widget-container\">\n\t\t\t\t\t\t\t\t\t<p><span style=\"color: var( --e-global-color-dea41e4 ); font-size: var( --e-global-typography-b2ce6af-font-size ); letter-spacing: var( --e-global-typography-b2ce6af-letter-spacing ); word-spacing: var( --e-global-typography-b2ce6af-word-spacing );\">&#8211;<\/span><\/p><p><strong>Equipo de Prensa<\/strong><\/p><p>comunicacion@casadeentrerios.gov.ar<\/p>\t\t\t\t\t\t\t\t<\/div>\n\t\t\t\t<\/div>\n\t\t\t\t<div class=\"elementor-element elementor-element-417ba48b elementor-widget elementor-widget-text-editor\" data-id=\"417ba48b\" data-element_type=\"widget\" data-e-type=\"widget\" data-widget_type=\"text-editor.default\">\n\t\t\t\t<div class=\"elementor-widget-container\">\n\t\t\t\t\t\t\t\t\t<p><strong style=\"color: var( --e-global-color-dea41e4 ); letter-spacing: var( --e-global-typography-b2ce6af-letter-spacing ); word-spacing: var( --e-global-typography-b2ce6af-word-spacing );\">Suscribite al newsletter de Casa de Entre Rios &gt;<span style=\"color: #008000;\">\u00a0<a style=\"color: #008000;\" href=\"https:\/\/www.casadeentrerios.gov.ar\/?page_id=2808\" target=\"_blank\" rel=\"noopener\">REGISTRATE<\/a><\/span><\/strong><\/p>\t\t\t\t\t\t\t\t<\/div>\n\t\t\t\t<\/div>\n\t\t\t\t\t<\/div>\n\t\t<\/div>\n\t\t\t\t<div class=\"elementor-column elementor-col-33 elementor-top-column elementor-element elementor-element-2c9afbcf\" data-id=\"2c9afbcf\" data-element_type=\"column\" data-e-type=\"column\">\n\t\t\t<div class=\"elementor-widget-wrap\">\n\t\t\t\t\t\t\t<\/div>\n\t\t<\/div>\n\t\t\t\t\t<\/div>\n\t\t<\/section>\n\t\t\t\t<section class=\"elementor-section elementor-top-section elementor-element elementor-element-3b8cd3f elementor-section-boxed elementor-section-height-default elementor-section-height-default\" data-id=\"3b8cd3f\" data-element_type=\"section\" data-e-type=\"section\">\n\t\t\t\t\t\t<div class=\"elementor-container elementor-column-gap-default\">\n\t\t\t\t\t<div class=\"elementor-column elementor-col-100 elementor-top-column elementor-element elementor-element-64cfc06\" data-id=\"64cfc06\" data-element_type=\"column\" data-e-type=\"column\">\n\t\t\t<div class=\"elementor-widget-wrap elementor-element-populated\">\n\t\t\t\t\t\t<div class=\"elementor-element elementor-element-31f0056 elementor-widget elementor-widget-spacer\" data-id=\"31f0056\" data-element_type=\"widget\" data-e-type=\"widget\" data-widget_type=\"spacer.default\">\n\t\t\t\t<div class=\"elementor-widget-container\">\n\t\t\t\t\t\t\t<div class=\"elementor-spacer\">\n\t\t\t<div class=\"elementor-spacer-inner\"><\/div>\n\t\t<\/div>\n\t\t\t\t\t\t<\/div>\n\t\t\t\t<\/div>\n\t\t\t\t\t<\/div>\n\t\t<\/div>\n\t\t\t\t\t<\/div>\n\t\t<\/section>\n\t\t\t\t<\/div>\n\t\t","protected":false},"excerpt":{"rendered":"<p>Presentaron en Buenos Aires los principales ejes de INOCUA 2026 El encuentro federal sobre inocuidad, gesti\u00f3n e innovaci\u00f3n alimentaria fue presentado en la Representaci\u00f3n del Gobierno de Entre R\u00edos en Buenos Aires. Se realizar\u00e1 el 20 y 21 de agosto en el Centro Provincial de Convenciones de Paran\u00e1, con 14 disertaciones y tres mesas de [&hellip;]<\/p>\n","protected":false},"author":1,"featured_media":25947,"comment_status":"closed","ping_status":"open","sticky":false,"template":"","format":"standard","meta":{"footnotes":""},"categories":[1],"tags":[],"class_list":["post-25925","post","type-post","status-publish","format-standard","has-post-thumbnail","hentry","category-sin-categoria"],"yoast_head":"<!-- This site is optimized with the Yoast SEO plugin v27.5 - https:\/\/yoast.com\/product\/yoast-seo-wordpress\/ -->\n<title>Presentaron en Buenos Aires los principales ejes de INOCUA 2026 - Casa de Entre Rios<\/title>\n<meta name=\"robots\" content=\"index, follow, max-snippet:-1, max-image-preview:large, max-video-preview:-1\" \/>\n<link rel=\"canonical\" href=\"https:\/\/www.casadeentrerios.gov.ar\/?p=25925\" \/>\n<meta property=\"og:locale\" content=\"es_ES\" \/>\n<meta property=\"og:type\" content=\"article\" \/>\n<meta property=\"og:title\" content=\"Presentaron en Buenos Aires los principales ejes de INOCUA 2026 - Casa de Entre Rios\" \/>\n<meta property=\"og:description\" content=\"Presentaron en Buenos Aires los principales ejes de INOCUA 2026 El encuentro federal sobre inocuidad, gesti\u00f3n e innovaci\u00f3n alimentaria fue presentado en la Representaci\u00f3n del Gobierno de Entre R\u00edos en Buenos Aires. Se realizar\u00e1 el 20 y 21 de agosto en el Centro Provincial de Convenciones de Paran\u00e1, con 14 disertaciones y tres mesas de [&hellip;]\" \/>\n<meta property=\"og:url\" content=\"https:\/\/www.casadeentrerios.gov.ar\/?p=25925\" \/>\n<meta property=\"og:site_name\" content=\"Casa de Entre Rios\" \/>\n<meta property=\"article:published_time\" content=\"2026-08-08T02:43:19+00:00\" \/>\n<meta property=\"article:modified_time\" content=\"2026-08-08T15:17:42+00:00\" \/>\n<meta property=\"og:image\" content=\"https:\/\/www.casadeentrerios.gov.ar\/wp-content\/uploads\/2026\/08\/img_1_inocua.png\" \/>\n\t<meta property=\"og:image:width\" content=\"500\" \/>\n\t<meta property=\"og:image:height\" content=\"300\" \/>\n\t<meta property=\"og:image:type\" content=\"image\/png\" \/>\n<meta name=\"author\" content=\"admin\" \/>\n<meta name=\"twitter:card\" content=\"summary_large_image\" \/>\n<meta name=\"twitter:label1\" content=\"Escrito por\" \/>\n\t<meta name=\"twitter:data1\" content=\"admin\" \/>\n\t<meta name=\"twitter:label2\" content=\"Tiempo de lectura\" \/>\n\t<meta name=\"twitter:data2\" content=\"3 minutos\" \/>\n<script type=\"application\/ld+json\" class=\"yoast-schema-graph\">{\"@context\":\"https:\\\/\\\/schema.org\",\"@graph\":[{\"@type\":\"Article\",\"@id\":\"https:\\\/\\\/www.casadeentrerios.gov.ar\\\/?p=25925#article\",\"isPartOf\":{\"@id\":\"https:\\\/\\\/www.casadeentrerios.gov.ar\\\/?p=25925\"},\"author\":{\"name\":\"admin\",\"@id\":\"https:\\\/\\\/www.casadeentrerios.gov.ar\\\/#\\\/schema\\\/person\\\/8f711d99d59b83c941adf9e9960f36f9\"},\"headline\":\"Presentaron en Buenos Aires los principales ejes de INOCUA 2026\",\"datePublished\":\"2026-08-08T02:43:19+00:00\",\"dateModified\":\"2026-08-08T15:17:42+00:00\",\"mainEntityOfPage\":{\"@id\":\"https:\\\/\\\/www.casadeentrerios.gov.ar\\\/?p=25925\"},\"wordCount\":385,\"publisher\":{\"@id\":\"https:\\\/\\\/www.casadeentrerios.gov.ar\\\/#organization\"},\"image\":{\"@id\":\"https:\\\/\\\/www.casadeentrerios.gov.ar\\\/?p=25925#primaryimage\"},\"thumbnailUrl\":\"https:\\\/\\\/www.casadeentrerios.gov.ar\\\/wp-content\\\/uploads\\\/2026\\\/08\\\/img_1_inocua.png\",\"inLanguage\":\"es\"},{\"@type\":\"WebPage\",\"@id\":\"https:\\\/\\\/www.casadeentrerios.gov.ar\\\/?p=25925\",\"url\":\"https:\\\/\\\/www.casadeentrerios.gov.ar\\\/?p=25925\",\"name\":\"Presentaron en Buenos Aires los principales ejes de INOCUA 2026 - Casa de Entre Rios\",\"isPartOf\":{\"@id\":\"https:\\\/\\\/www.casadeentrerios.gov.ar\\\/#website\"},\"primaryImageOfPage\":{\"@id\":\"https:\\\/\\\/www.casadeentrerios.gov.ar\\\/?p=25925#primaryimage\"},\"image\":{\"@id\":\"https:\\\/\\\/www.casadeentrerios.gov.ar\\\/?p=25925#primaryimage\"},\"thumbnailUrl\":\"https:\\\/\\\/www.casadeentrerios.gov.ar\\\/wp-content\\\/uploads\\\/2026\\\/08\\\/img_1_inocua.png\",\"datePublished\":\"2026-08-08T02:43:19+00:00\",\"dateModified\":\"2026-08-08T15:17:42+00:00\",\"breadcrumb\":{\"@id\":\"https:\\\/\\\/www.casadeentrerios.gov.ar\\\/?p=25925#breadcrumb\"},\"inLanguage\":\"es\",\"potentialAction\":[{\"@type\":\"ReadAction\",\"target\":[\"https:\\\/\\\/www.casadeentrerios.gov.ar\\\/?p=25925\"]}]},{\"@type\":\"ImageObject\",\"inLanguage\":\"es\",\"@id\":\"https:\\\/\\\/www.casadeentrerios.gov.ar\\\/?p=25925#primaryimage\",\"url\":\"https:\\\/\\\/www.casadeentrerios.gov.ar\\\/wp-content\\\/uploads\\\/2026\\\/08\\\/img_1_inocua.png\",\"contentUrl\":\"https:\\\/\\\/www.casadeentrerios.gov.ar\\\/wp-content\\\/uploads\\\/2026\\\/08\\\/img_1_inocua.png\",\"width\":500,\"height\":300},{\"@type\":\"BreadcrumbList\",\"@id\":\"https:\\\/\\\/www.casadeentrerios.gov.ar\\\/?p=25925#breadcrumb\",\"itemListElement\":[{\"@type\":\"ListItem\",\"position\":1,\"name\":\"Portada\",\"item\":\"https:\\\/\\\/www.casadeentrerios.gov.ar\\\/\"},{\"@type\":\"ListItem\",\"position\":2,\"name\":\"Presentaron en Buenos Aires los principales ejes de INOCUA 2026\"}]},{\"@type\":\"WebSite\",\"@id\":\"https:\\\/\\\/www.casadeentrerios.gov.ar\\\/#website\",\"url\":\"https:\\\/\\\/www.casadeentrerios.gov.ar\\\/\",\"name\":\"Casa de Entre Rios\",\"description\":\"Representaci\u00f3n del Gobierno de Entre Rios en CABA\",\"publisher\":{\"@id\":\"https:\\\/\\\/www.casadeentrerios.gov.ar\\\/#organization\"},\"potentialAction\":[{\"@type\":\"SearchAction\",\"target\":{\"@type\":\"EntryPoint\",\"urlTemplate\":\"https:\\\/\\\/www.casadeentrerios.gov.ar\\\/?s={search_term_string}\"},\"query-input\":{\"@type\":\"PropertyValueSpecification\",\"valueRequired\":true,\"valueName\":\"search_term_string\"}}],\"inLanguage\":\"es\"},{\"@type\":\"Organization\",\"@id\":\"https:\\\/\\\/www.casadeentrerios.gov.ar\\\/#organization\",\"name\":\"Casa de Entre Rios\",\"url\":\"https:\\\/\\\/www.casadeentrerios.gov.ar\\\/\",\"logo\":{\"@type\":\"ImageObject\",\"inLanguage\":\"es\",\"@id\":\"https:\\\/\\\/www.casadeentrerios.gov.ar\\\/#\\\/schema\\\/logo\\\/image\\\/\",\"url\":\"https:\\\/\\\/www.casadeentrerios.gov.ar\\\/wp-content\\\/uploads\\\/2021\\\/07\\\/img_cer_1.png\",\"contentUrl\":\"https:\\\/\\\/www.casadeentrerios.gov.ar\\\/wp-content\\\/uploads\\\/2021\\\/07\\\/img_cer_1.png\",\"width\":416,\"height\":87,\"caption\":\"Casa de Entre Rios\"},\"image\":{\"@id\":\"https:\\\/\\\/www.casadeentrerios.gov.ar\\\/#\\\/schema\\\/logo\\\/image\\\/\"}},{\"@type\":\"Person\",\"@id\":\"https:\\\/\\\/www.casadeentrerios.gov.ar\\\/#\\\/schema\\\/person\\\/8f711d99d59b83c941adf9e9960f36f9\",\"name\":\"admin\",\"image\":{\"@type\":\"ImageObject\",\"inLanguage\":\"es\",\"@id\":\"https:\\\/\\\/secure.gravatar.com\\\/avatar\\\/83952e3d8f2dd8e4585599a06f137e4070a13a122750ff987dc72294da83e569?s=96&d=mm&r=g\",\"url\":\"https:\\\/\\\/secure.gravatar.com\\\/avatar\\\/83952e3d8f2dd8e4585599a06f137e4070a13a122750ff987dc72294da83e569?s=96&d=mm&r=g\",\"contentUrl\":\"https:\\\/\\\/secure.gravatar.com\\\/avatar\\\/83952e3d8f2dd8e4585599a06f137e4070a13a122750ff987dc72294da83e569?s=96&d=mm&r=g\",\"caption\":\"admin\"},\"sameAs\":[\"http:\\\/\\\/www.casadeentrerios.gov.ar\"],\"url\":\"https:\\\/\\\/www.casadeentrerios.gov.ar\\\/?author=1\"}]}<\/script>\n<!-- \/ Yoast SEO plugin. -->","yoast_head_json":{"title":"Presentaron en Buenos Aires los principales ejes de INOCUA 2026 - Casa de Entre Rios","robots":{"index":"index","follow":"follow","max-snippet":"max-snippet:-1","max-image-preview":"max-image-preview:large","max-video-preview":"max-video-preview:-1"},"canonical":"https:\/\/www.casadeentrerios.gov.ar\/?p=25925","og_locale":"es_ES","og_type":"article","og_title":"Presentaron en Buenos Aires los principales ejes de INOCUA 2026 - Casa de Entre Rios","og_description":"Presentaron en Buenos Aires los principales ejes de INOCUA 2026 El encuentro federal sobre inocuidad, gesti\u00f3n e innovaci\u00f3n alimentaria fue presentado en la Representaci\u00f3n del Gobierno de Entre R\u00edos en Buenos Aires. Se realizar\u00e1 el 20 y 21 de agosto en el Centro Provincial de Convenciones de Paran\u00e1, con 14 disertaciones y tres mesas de [&hellip;]","og_url":"https:\/\/www.casadeentrerios.gov.ar\/?p=25925","og_site_name":"Casa de Entre Rios","article_published_time":"2026-08-08T02:43:19+00:00","article_modified_time":"2026-08-08T15:17:42+00:00","og_image":[{"width":500,"height":300,"url":"https:\/\/www.casadeentrerios.gov.ar\/wp-content\/uploads\/2026\/08\/img_1_inocua.png","type":"image\/png"}],"author":"admin","twitter_card":"summary_large_image","twitter_misc":{"Escrito por":"admin","Tiempo de lectura":"3 minutos"},"schema":{"@context":"https:\/\/schema.org","@graph":[{"@type":"Article","@id":"https:\/\/www.casadeentrerios.gov.ar\/?p=25925#article","isPartOf":{"@id":"https:\/\/www.casadeentrerios.gov.ar\/?p=25925"},"author":{"name":"admin","@id":"https:\/\/www.casadeentrerios.gov.ar\/#\/schema\/person\/8f711d99d59b83c941adf9e9960f36f9"},"headline":"Presentaron en Buenos Aires los principales ejes de INOCUA 2026","datePublished":"2026-08-08T02:43:19+00:00","dateModified":"2026-08-08T15:17:42+00:00","mainEntityOfPage":{"@id":"https:\/\/www.casadeentrerios.gov.ar\/?p=25925"},"wordCount":385,"publisher":{"@id":"https:\/\/www.casadeentrerios.gov.ar\/#organization"},"image":{"@id":"https:\/\/www.casadeentrerios.gov.ar\/?p=25925#primaryimage"},"thumbnailUrl":"https:\/\/www.casadeentrerios.gov.ar\/wp-content\/uploads\/2026\/08\/img_1_inocua.png","inLanguage":"es"},{"@type":"WebPage","@id":"https:\/\/www.casadeentrerios.gov.ar\/?p=25925","url":"https:\/\/www.casadeentrerios.gov.ar\/?p=25925","name":"Presentaron en Buenos Aires los principales ejes de INOCUA 2026 - Casa de Entre Rios","isPartOf":{"@id":"https:\/\/www.casadeentrerios.gov.ar\/#website"},"primaryImageOfPage":{"@id":"https:\/\/www.casadeentrerios.gov.ar\/?p=25925#primaryimage"},"image":{"@id":"https:\/\/www.casadeentrerios.gov.ar\/?p=25925#primaryimage"},"thumbnailUrl":"https:\/\/www.casadeentrerios.gov.ar\/wp-content\/uploads\/2026\/08\/img_1_inocua.png","datePublished":"2026-08-08T02:43:19+00:00","dateModified":"2026-08-08T15:17:42+00:00","breadcrumb":{"@id":"https:\/\/www.casadeentrerios.gov.ar\/?p=25925#breadcrumb"},"inLanguage":"es","potentialAction":[{"@type":"ReadAction","target":["https:\/\/www.casadeentrerios.gov.ar\/?p=25925"]}]},{"@type":"ImageObject","inLanguage":"es","@id":"https:\/\/www.casadeentrerios.gov.ar\/?p=25925#primaryimage","url":"https:\/\/www.casadeentrerios.gov.ar\/wp-content\/uploads\/2026\/08\/img_1_inocua.png","contentUrl":"https:\/\/www.casadeentrerios.gov.ar\/wp-content\/uploads\/2026\/08\/img_1_inocua.png","width":500,"height":300},{"@type":"BreadcrumbList","@id":"https:\/\/www.casadeentrerios.gov.ar\/?p=25925#breadcrumb","itemListElement":[{"@type":"ListItem","position":1,"name":"Portada","item":"https:\/\/www.casadeentrerios.gov.ar\/"},{"@type":"ListItem","position":2,"name":"Presentaron en Buenos Aires los principales ejes de INOCUA 2026"}]},{"@type":"WebSite","@id":"https:\/\/www.casadeentrerios.gov.ar\/#website","url":"https:\/\/www.casadeentrerios.gov.ar\/","name":"Casa de Entre Rios","description":"Representaci\u00f3n del Gobierno de Entre Rios en CABA","publisher":{"@id":"https:\/\/www.casadeentrerios.gov.ar\/#organization"},"potentialAction":[{"@type":"SearchAction","target":{"@type":"EntryPoint","urlTemplate":"https:\/\/www.casadeentrerios.gov.ar\/?s={search_term_string}"},"query-input":{"@type":"PropertyValueSpecification","valueRequired":true,"valueName":"search_term_string"}}],"inLanguage":"es"},{"@type":"Organization","@id":"https:\/\/www.casadeentrerios.gov.ar\/#organization","name":"Casa de Entre Rios","url":"https:\/\/www.casadeentrerios.gov.ar\/","logo":{"@type":"ImageObject","inLanguage":"es","@id":"https:\/\/www.casadeentrerios.gov.ar\/#\/schema\/logo\/image\/","url":"https:\/\/www.casadeentrerios.gov.ar\/wp-content\/uploads\/2021\/07\/img_cer_1.png","contentUrl":"https:\/\/www.casadeentrerios.gov.ar\/wp-content\/uploads\/2021\/07\/img_cer_1.png","width":416,"height":87,"caption":"Casa de Entre Rios"},"image":{"@id":"https:\/\/www.casadeentrerios.gov.ar\/#\/schema\/logo\/image\/"}},{"@type":"Person","@id":"https:\/\/www.casadeentrerios.gov.ar\/#\/schema\/person\/8f711d99d59b83c941adf9e9960f36f9","name":"admin","image":{"@type":"ImageObject","inLanguage":"es","@id":"https:\/\/secure.gravatar.com\/avatar\/83952e3d8f2dd8e4585599a06f137e4070a13a122750ff987dc72294da83e569?s=96&d=mm&r=g","url":"https:\/\/secure.gravatar.com\/avatar\/83952e3d8f2dd8e4585599a06f137e4070a13a122750ff987dc72294da83e569?s=96&d=mm&r=g","contentUrl":"https:\/\/secure.gravatar.com\/avatar\/83952e3d8f2dd8e4585599a06f137e4070a13a122750ff987dc72294da83e569?s=96&d=mm&r=g","caption":"admin"},"sameAs":["http:\/\/www.casadeentrerios.gov.ar"],"url":"https:\/\/www.casadeentrerios.gov.ar\/?author=1"}]}},"_links":{"self":[{"href":"https:\/\/www.casadeentrerios.gov.ar\/index.php?rest_route=\/wp\/v2\/posts\/25925","targetHints":{"allow":["GET"]}}],"collection":[{"href":"https:\/\/www.casadeentrerios.gov.ar\/index.php?rest_route=\/wp\/v2\/posts"}],"about":[{"href":"https:\/\/www.casadeentrerios.gov.ar\/index.php?rest_route=\/wp\/v2\/types\/post"}],"author":[{"embeddable":true,"href":"https:\/\/www.casadeentrerios.gov.ar\/index.php?rest_route=\/wp\/v2\/users\/1"}],"replies":[{"embeddable":true,"href":"https:\/\/www.casadeentrerios.gov.ar\/index.php?rest_route=%2Fwp%2Fv2%2Fcomments&post=25925"}],"version-history":[{"count":46,"href":"https:\/\/www.casadeentrerios.gov.ar\/index.php?rest_route=\/wp\/v2\/posts\/25925\/revisions"}],"predecessor-version":[{"id":25979,"href":"https:\/\/www.casadeentrerios.gov.ar\/index.php?rest_route=\/wp\/v2\/posts\/25925\/revisions\/25979"}],"wp:featuredmedia":[{"embeddable":true,"href":"https:\/\/www.casadeentrerios.gov.ar\/index.php?rest_route=\/wp\/v2\/media\/25947"}],"wp:attachment":[{"href":"https:\/\/www.casadeentrerios.gov.ar\/index.php?rest_route=%2Fwp%2Fv2%2Fmedia&parent=25925"}],"wp:term":[{"taxonomy":"category","embeddable":true,"href":"https:\/\/www.casadeentrerios.gov.ar\/index.php?rest_route=%2Fwp%2Fv2%2Fcategories&post=25925"},{"taxonomy":"post_tag","embeddable":true,"href":"https:\/\/www.casadeentrerios.gov.ar\/index.php?rest_route=%2Fwp%2Fv2%2Ftags&post=25925"}],"curies":[{"name":"wp","href":"https:\/\/api.w.org\/{rel}","templated":true}]}}