{"id":9867,"date":"2024-07-16T21:29:52","date_gmt":"2024-07-16T21:29:52","guid":{"rendered":"https:\/\/www.casadeentrerios.gov.ar\/?p=9867"},"modified":"2024-09-19T23:54:25","modified_gmt":"2024-09-19T23:54:25","slug":"expo-madera-2024-en-concordia-innovacion-y-sostenibilidad-en-la-construccion","status":"publish","type":"post","link":"https:\/\/www.casadeentrerios.gov.ar\/?p=9867","title":{"rendered":"Expo Madera 2024 en Concordia: Innovaci\u00f3n y Sostenibilidad en la Construcci\u00f3n"},"content":{"rendered":"\t\t<div data-elementor-type=\"wp-post\" data-elementor-id=\"9867\" class=\"elementor elementor-9867\" data-elementor-post-type=\"post\">\n\t\t\t\t\t\t<section class=\"elementor-section elementor-top-section elementor-element elementor-element-8a6c9a1 elementor-section-boxed elementor-section-height-default elementor-section-height-default\" data-id=\"8a6c9a1\" data-element_type=\"section\" data-e-type=\"section\">\n\t\t\t\t\t\t<div class=\"elementor-container elementor-column-gap-default\">\n\t\t\t\t\t<div class=\"elementor-column elementor-col-100 elementor-top-column elementor-element elementor-element-3dcd7fa\" data-id=\"3dcd7fa\" data-element_type=\"column\" data-e-type=\"column\">\n\t\t\t<div class=\"elementor-widget-wrap elementor-element-populated\">\n\t\t\t\t\t\t<div class=\"elementor-element elementor-element-19e0d1f elementor-widget elementor-widget-spacer\" data-id=\"19e0d1f\" data-element_type=\"widget\" data-e-type=\"widget\" data-widget_type=\"spacer.default\">\n\t\t\t\t<div class=\"elementor-widget-container\">\n\t\t\t\t\t\t\t<div class=\"elementor-spacer\">\n\t\t\t<div class=\"elementor-spacer-inner\"><\/div>\n\t\t<\/div>\n\t\t\t\t\t\t<\/div>\n\t\t\t\t<\/div>\n\t\t\t\t\t<\/div>\n\t\t<\/div>\n\t\t\t\t\t<\/div>\n\t\t<\/section>\n\t\t\t\t<section class=\"elementor-section elementor-top-section elementor-element elementor-element-6a0c081d elementor-section-boxed elementor-section-height-default elementor-section-height-default\" data-id=\"6a0c081d\" data-element_type=\"section\" data-e-type=\"section\">\n\t\t\t\t\t\t<div class=\"elementor-container elementor-column-gap-default\">\n\t\t\t\t\t<div class=\"elementor-column elementor-col-100 elementor-top-column elementor-element elementor-element-648744f9\" data-id=\"648744f9\" data-element_type=\"column\" data-e-type=\"column\">\n\t\t\t<div class=\"elementor-widget-wrap elementor-element-populated\">\n\t\t\t\t\t\t<div class=\"elementor-element elementor-element-f4d8591 elementor-widget elementor-widget-heading\" data-id=\"f4d8591\" data-element_type=\"widget\" data-e-type=\"widget\" data-widget_type=\"heading.default\">\n\t\t\t\t<div class=\"elementor-widget-container\">\n\t\t\t\t\t<h2 class=\"elementor-heading-title elementor-size-default\">Expo Madera 2024 en Concordia: Innovaci\u00f3n y Sostenibilidad en la Construcci\u00f3n<\/h2>\t\t\t\t<\/div>\n\t\t\t\t<\/div>\n\t\t\t\t\t<\/div>\n\t\t<\/div>\n\t\t\t\t\t<\/div>\n\t\t<\/section>\n\t\t\t\t<section class=\"elementor-section elementor-top-section elementor-element elementor-element-509ced82 elementor-section-boxed elementor-section-height-default elementor-section-height-default\" data-id=\"509ced82\" data-element_type=\"section\" data-e-type=\"section\">\n\t\t\t\t\t\t<div class=\"elementor-container elementor-column-gap-default\">\n\t\t\t\t\t<div class=\"elementor-column elementor-col-100 elementor-top-column elementor-element elementor-element-6e6ba237\" data-id=\"6e6ba237\" data-element_type=\"column\" data-e-type=\"column\">\n\t\t\t<div class=\"elementor-widget-wrap elementor-element-populated\">\n\t\t\t\t\t\t<div class=\"elementor-element elementor-element-6da69e7 elementor-widget elementor-widget-text-editor\" data-id=\"6da69e7\" data-element_type=\"widget\" data-e-type=\"widget\" data-widget_type=\"text-editor.default\">\n\t\t\t\t<div class=\"elementor-widget-container\">\n\t\t\t\t\t\t\t\t\t<p>La Representaci\u00f3n del Gobierno de Entre R\u00edos convoca a empresas y profesionales del rubro a sumarse a la novena edici\u00f3n de la Expo Madera Entre R\u00edos 2024. Este evento se posiciona como una de las ferias internacionales m\u00e1s destacadas en el \u00e1mbito de la madera y la construcci\u00f3n sustentable.<\/p>\t\t\t\t\t\t\t\t<\/div>\n\t\t\t\t<\/div>\n\t\t\t\t\t<\/div>\n\t\t<\/div>\n\t\t\t\t\t<\/div>\n\t\t<\/section>\n\t\t\t\t<section class=\"elementor-section elementor-top-section elementor-element elementor-element-9c29727 elementor-section-boxed elementor-section-height-default elementor-section-height-default\" data-id=\"9c29727\" data-element_type=\"section\" data-e-type=\"section\">\n\t\t\t\t\t\t<div class=\"elementor-container elementor-column-gap-default\">\n\t\t\t\t\t<div class=\"elementor-column elementor-col-66 elementor-top-column elementor-element elementor-element-3a8c4113\" data-id=\"3a8c4113\" data-element_type=\"column\" data-e-type=\"column\">\n\t\t\t<div class=\"elementor-widget-wrap elementor-element-populated\">\n\t\t\t\t\t\t<div class=\"elementor-element elementor-element-b462db2 elementor-widget elementor-widget-image\" data-id=\"b462db2\" data-element_type=\"widget\" data-e-type=\"widget\" data-widget_type=\"image.default\">\n\t\t\t\t<div class=\"elementor-widget-container\">\n\t\t\t\t\t\t\t\t\t\t\t\t\t\t\t<img fetchpriority=\"high\" decoding=\"async\" width=\"800\" height=\"450\" src=\"https:\/\/www.casadeentrerios.gov.ar\/wp-content\/uploads\/2024\/07\/img_47-1024x576.png\" class=\"attachment-large size-large wp-image-9889\" alt=\"\" srcset=\"https:\/\/www.casadeentrerios.gov.ar\/wp-content\/uploads\/2024\/07\/img_47-1024x576.png 1024w, https:\/\/www.casadeentrerios.gov.ar\/wp-content\/uploads\/2024\/07\/img_47-300x169.png 300w, https:\/\/www.casadeentrerios.gov.ar\/wp-content\/uploads\/2024\/07\/img_47-768x432.png 768w, https:\/\/www.casadeentrerios.gov.ar\/wp-content\/uploads\/2024\/07\/img_47-1536x864.png 1536w, https:\/\/www.casadeentrerios.gov.ar\/wp-content\/uploads\/2024\/07\/img_47.png 1920w\" sizes=\"(max-width: 800px) 100vw, 800px\" \/>\t\t\t\t\t\t\t\t\t\t\t\t\t\t\t<\/div>\n\t\t\t\t<\/div>\n\t\t\t\t<div class=\"elementor-element elementor-element-c1df09e elementor-widget elementor-widget-text-editor\" data-id=\"c1df09e\" data-element_type=\"widget\" data-e-type=\"widget\" data-widget_type=\"text-editor.default\">\n\t\t\t\t<div class=\"elementor-widget-container\">\n\t\t\t\t\t\t\t\t\t<p><strong>Suscribite al newsletter de Casa de Entre Rios &gt;<span style=\"color: #008000;\">&nbsp;<a style=\"color: #008000;\" href=\"https:\/\/www.casadeentrerios.gov.ar\/suscripcion\" target=\"_blank\" rel=\"noopener\">REGISTRATE<\/a><\/span><\/strong><\/p>\t\t\t\t\t\t\t\t<\/div>\n\t\t\t\t<\/div>\n\t\t\t\t<div class=\"elementor-element elementor-element-1efe2d73 elementor-widget elementor-widget-text-editor\" data-id=\"1efe2d73\" data-element_type=\"widget\" data-e-type=\"widget\" data-widget_type=\"text-editor.default\">\n\t\t\t\t<div class=\"elementor-widget-container\">\n\t\t\t\t\t\t\t\t\t<p><strong>Explor\u00e1 la Revoluci\u00f3n de la Madera en la Arquitectura <\/strong><\/p><p>Descubr\u00ed c\u00f3mo la integraci\u00f3n de la madera con materiales constructivos tradicionales y sostenibles est\u00e1 transformando el dise\u00f1o y equipamiento de viviendas. En la Expo Madera te esperan innovaciones en dise\u00f1o, normativas y tecnolog\u00edas seguras que contribuyen a crear ambientes m\u00e1s saludables, funcionales y eficientes.<\/p><p><strong>Actividades y Ubicaciones <\/strong><\/p><p><strong>Las actividades de la Expo Madera se llevar\u00e1n a cabo en dos fases:<\/strong><\/p><p>Workshop en Buenos Aires: El 15 de agosto en la Casa de Entre R\u00edos, Suipacha 844, CABA.<\/p><p>Exposici\u00f3n Principal en Concordia: Los d\u00edas 4 y 5 de octubre en el Centro de Convenciones de Concordia.<\/p><p><strong>Modalidad H\u00edbrida para una Mayor Conectividad\u00a0<\/strong><\/p><p>La exposici\u00f3n combina encuentros presenciales y virtuales, ofreciendo un espacio ideal para el networking, capacitaciones, promociones y generaci\u00f3n de contactos profesionales. El espacio virtual facilita la interacci\u00f3n continua entre los asistentes y expositores, ampliando las oportunidades de crecimiento empresarial.<\/p><p><strong>Objetivos Principales de la Expo Madera<\/strong><\/p><ul><li>Impulsar el uso de madera en viviendas y en la arquitectura.<\/li><li>Presentar las \u00faltimas tecnolog\u00edas y servicios relacionados con la madera.<\/li><li>Promover el dise\u00f1o, la innovaci\u00f3n y la tecnolog\u00eda en el mobiliario.<\/li><li>Fomentar la sustentabilidad y la protecci\u00f3n del medio ambiente.<\/li><li>Apoyar al sector forestal industrial con innovaciones y nuevas tecnolog\u00edas.<\/li><li>Ofrecer jornadas de capacitaci\u00f3n y promoci\u00f3n profesional.<\/li><\/ul><p>\u00a0<\/p>\t\t\t\t\t\t\t\t<\/div>\n\t\t\t\t<\/div>\n\t\t\t\t<div class=\"elementor-element elementor-element-d1caa98 elementor-widget elementor-widget-text-editor\" data-id=\"d1caa98\" data-element_type=\"widget\" data-e-type=\"widget\" data-widget_type=\"text-editor.default\">\n\t\t\t\t<div class=\"elementor-widget-container\">\n\t\t\t\t\t\t\t\t\t<p><strong>Actividades Complementarias <\/strong><\/p>\n<p>Durante la exposici\u00f3n, se organizar\u00e1n jornadas t\u00e9cnicas, visitas a establecimientos, y el Sal\u00f3n de la Vivienda con Madera. Adem\u00e1s, se llevar\u00e1n a cabo talleres sobre innovaci\u00f3n tecnol\u00f3gica y eficiencia energ\u00e9tica, as\u00ed como un sal\u00f3n dedicado a las energ\u00edas renovables. Estos eventos y talleres estar\u00e1n disponibles para entidades, instituciones, universidades y empresas del sector.<\/p>\n<p><strong>Organizaci\u00f3n y Contacto <\/strong><\/p>\n<p>Expo Madera es organizada por el Ministerio de Desarrollo Econ\u00f3mico de Entre R\u00edos, la Representaci\u00f3n del Gobierno de Entre R\u00edos en Buenos Aires y la Coordinaci\u00f3n de Arq Carlos Bahr. Para m\u00e1s informaci\u00f3n, contactar a arquitectura.net.ar@gmail.com o llam\u00e1 al +5491149171810.<\/p>\t\t\t\t\t\t\t\t<\/div>\n\t\t\t\t<\/div>\n\t\t\t\t<div class=\"elementor-element elementor-element-1d07d493 elementor-widget elementor-widget-text-editor\" data-id=\"1d07d493\" data-element_type=\"widget\" data-e-type=\"widget\" data-widget_type=\"text-editor.default\">\n\t\t\t\t<div class=\"elementor-widget-container\">\n\t\t\t\t\t\t\t\t\t<p><span style=\"color: var( --e-global-color-dea41e4 ); font-size: var( --e-global-typography-b2ce6af-font-size ); letter-spacing: var( --e-global-typography-b2ce6af-letter-spacing ); word-spacing: var( --e-global-typography-b2ce6af-word-spacing );\">&#8211;<\/span><\/p><p><strong>Equipo de Prensa<\/strong><\/p><p>Representaci\u00f3n del Gobierno de Entre R\u00edos<\/p>\t\t\t\t\t\t\t\t<\/div>\n\t\t\t\t<\/div>\n\t\t\t\t<div class=\"elementor-element elementor-element-3bab00d8 elementor-widget elementor-widget-text-editor\" data-id=\"3bab00d8\" data-element_type=\"widget\" data-e-type=\"widget\" data-widget_type=\"text-editor.default\">\n\t\t\t\t<div class=\"elementor-widget-container\">\n\t\t\t\t\t\t\t\t\t<p><strong style=\"color: var( --e-global-color-dea41e4 ); letter-spacing: var( --e-global-typography-b2ce6af-letter-spacing ); word-spacing: var( --e-global-typography-b2ce6af-word-spacing );\">Suscribite al newsletter de Casa de Entre Rios &gt;<span style=\"color: #008000;\">\u00a0<a style=\"color: #008000;\" href=\"https:\/\/www.casadeentrerios.gov.ar\/suscripcion\" target=\"_blank\" rel=\"noopener\">REGISTRATE<\/a><\/span><\/strong><\/p>\t\t\t\t\t\t\t\t<\/div>\n\t\t\t\t<\/div>\n\t\t\t\t\t<\/div>\n\t\t<\/div>\n\t\t\t\t<div class=\"elementor-column elementor-col-33 elementor-top-column elementor-element elementor-element-59a35175\" data-id=\"59a35175\" data-element_type=\"column\" data-e-type=\"column\">\n\t\t\t<div class=\"elementor-widget-wrap\">\n\t\t\t\t\t\t\t<\/div>\n\t\t<\/div>\n\t\t\t\t\t<\/div>\n\t\t<\/section>\n\t\t\t\t<section class=\"elementor-section elementor-top-section elementor-element elementor-element-1c8e11e elementor-section-boxed elementor-section-height-default elementor-section-height-default\" data-id=\"1c8e11e\" data-element_type=\"section\" data-e-type=\"section\">\n\t\t\t\t\t\t<div class=\"elementor-container elementor-column-gap-default\">\n\t\t\t\t\t<div class=\"elementor-column elementor-col-100 elementor-top-column elementor-element elementor-element-4df63f4\" data-id=\"4df63f4\" data-element_type=\"column\" data-e-type=\"column\">\n\t\t\t<div class=\"elementor-widget-wrap elementor-element-populated\">\n\t\t\t\t\t\t<div class=\"elementor-element elementor-element-55006c0 elementor-widget elementor-widget-spacer\" data-id=\"55006c0\" data-element_type=\"widget\" data-e-type=\"widget\" data-widget_type=\"spacer.default\">\n\t\t\t\t<div class=\"elementor-widget-container\">\n\t\t\t\t\t\t\t<div class=\"elementor-spacer\">\n\t\t\t<div class=\"elementor-spacer-inner\"><\/div>\n\t\t<\/div>\n\t\t\t\t\t\t<\/div>\n\t\t\t\t<\/div>\n\t\t\t\t\t<\/div>\n\t\t<\/div>\n\t\t\t\t\t<\/div>\n\t\t<\/section>\n\t\t\t\t<\/div>\n\t\t","protected":false},"excerpt":{"rendered":"<p>Expo Madera 2024 en Concordia: Innovaci\u00f3n y Sostenibilidad en la Construcci\u00f3n La Representaci\u00f3n del Gobierno de Entre R\u00edos convoca a empresas y profesionales del rubro a sumarse a la novena edici\u00f3n de la Expo Madera Entre R\u00edos 2024. Este evento se posiciona como una de las ferias internacionales m\u00e1s destacadas en el \u00e1mbito de la [&hellip;]<\/p>\n","protected":false},"author":1,"featured_media":9896,"comment_status":"closed","ping_status":"open","sticky":false,"template":"","format":"standard","meta":{"footnotes":""},"categories":[26],"tags":[],"class_list":["post-9867","post","type-post","status-publish","format-standard","has-post-thumbnail","hentry","category-noticias"],"yoast_head":"<!-- This site is optimized with the Yoast SEO plugin v27.5 - https:\/\/yoast.com\/product\/yoast-seo-wordpress\/ -->\n<title>Expo Madera 2024 en Concordia: Innovaci\u00f3n y Sostenibilidad en la Construcci\u00f3n - Casa de Entre Rios<\/title>\n<meta name=\"robots\" content=\"index, follow, max-snippet:-1, max-image-preview:large, max-video-preview:-1\" \/>\n<link rel=\"canonical\" href=\"https:\/\/www.casadeentrerios.gov.ar\/?p=9867\" \/>\n<meta property=\"og:locale\" content=\"es_ES\" \/>\n<meta property=\"og:type\" content=\"article\" \/>\n<meta property=\"og:title\" content=\"Expo Madera 2024 en Concordia: Innovaci\u00f3n y Sostenibilidad en la Construcci\u00f3n - Casa de Entre Rios\" \/>\n<meta property=\"og:description\" content=\"Expo Madera 2024 en Concordia: Innovaci\u00f3n y Sostenibilidad en la Construcci\u00f3n La Representaci\u00f3n del Gobierno de Entre R\u00edos convoca a empresas y profesionales del rubro a sumarse a la novena edici\u00f3n de la Expo Madera Entre R\u00edos 2024. Este evento se posiciona como una de las ferias internacionales m\u00e1s destacadas en el \u00e1mbito de la [&hellip;]\" \/>\n<meta property=\"og:url\" content=\"https:\/\/www.casadeentrerios.gov.ar\/?p=9867\" \/>\n<meta property=\"og:site_name\" content=\"Casa de Entre Rios\" \/>\n<meta property=\"article:published_time\" content=\"2024-07-16T21:29:52+00:00\" \/>\n<meta property=\"article:modified_time\" content=\"2024-09-19T23:54:25+00:00\" \/>\n<meta property=\"og:image\" content=\"https:\/\/www.casadeentrerios.gov.ar\/wp-content\/uploads\/2024\/07\/img_47-1-1024x576.png\" \/>\n\t<meta property=\"og:image:width\" content=\"1024\" \/>\n\t<meta property=\"og:image:height\" content=\"576\" \/>\n\t<meta property=\"og:image:type\" content=\"image\/png\" \/>\n<meta name=\"author\" content=\"admin\" \/>\n<meta name=\"twitter:card\" content=\"summary_large_image\" \/>\n<meta name=\"twitter:label1\" content=\"Escrito por\" \/>\n\t<meta name=\"twitter:data1\" content=\"admin\" \/>\n\t<meta name=\"twitter:label2\" content=\"Tiempo de lectura\" \/>\n\t<meta name=\"twitter:data2\" content=\"3 minutos\" \/>\n<script type=\"application\/ld+json\" class=\"yoast-schema-graph\">{\"@context\":\"https:\\\/\\\/schema.org\",\"@graph\":[{\"@type\":\"Article\",\"@id\":\"https:\\\/\\\/www.casadeentrerios.gov.ar\\\/?p=9867#article\",\"isPartOf\":{\"@id\":\"https:\\\/\\\/www.casadeentrerios.gov.ar\\\/?p=9867\"},\"author\":{\"name\":\"admin\",\"@id\":\"https:\\\/\\\/www.casadeentrerios.gov.ar\\\/#\\\/schema\\\/person\\\/8f711d99d59b83c941adf9e9960f36f9\"},\"headline\":\"Expo Madera 2024 en Concordia: Innovaci\u00f3n y Sostenibilidad en la Construcci\u00f3n\",\"datePublished\":\"2024-07-16T21:29:52+00:00\",\"dateModified\":\"2024-09-19T23:54:25+00:00\",\"mainEntityOfPage\":{\"@id\":\"https:\\\/\\\/www.casadeentrerios.gov.ar\\\/?p=9867\"},\"wordCount\":464,\"publisher\":{\"@id\":\"https:\\\/\\\/www.casadeentrerios.gov.ar\\\/#organization\"},\"image\":{\"@id\":\"https:\\\/\\\/www.casadeentrerios.gov.ar\\\/?p=9867#primaryimage\"},\"thumbnailUrl\":\"https:\\\/\\\/www.casadeentrerios.gov.ar\\\/wp-content\\\/uploads\\\/2024\\\/07\\\/img_47-1.png\",\"articleSection\":[\"Noticias\"],\"inLanguage\":\"es\"},{\"@type\":\"WebPage\",\"@id\":\"https:\\\/\\\/www.casadeentrerios.gov.ar\\\/?p=9867\",\"url\":\"https:\\\/\\\/www.casadeentrerios.gov.ar\\\/?p=9867\",\"name\":\"Expo Madera 2024 en Concordia: Innovaci\u00f3n y Sostenibilidad en la Construcci\u00f3n - Casa de Entre Rios\",\"isPartOf\":{\"@id\":\"https:\\\/\\\/www.casadeentrerios.gov.ar\\\/#website\"},\"primaryImageOfPage\":{\"@id\":\"https:\\\/\\\/www.casadeentrerios.gov.ar\\\/?p=9867#primaryimage\"},\"image\":{\"@id\":\"https:\\\/\\\/www.casadeentrerios.gov.ar\\\/?p=9867#primaryimage\"},\"thumbnailUrl\":\"https:\\\/\\\/www.casadeentrerios.gov.ar\\\/wp-content\\\/uploads\\\/2024\\\/07\\\/img_47-1.png\",\"datePublished\":\"2024-07-16T21:29:52+00:00\",\"dateModified\":\"2024-09-19T23:54:25+00:00\",\"breadcrumb\":{\"@id\":\"https:\\\/\\\/www.casadeentrerios.gov.ar\\\/?p=9867#breadcrumb\"},\"inLanguage\":\"es\",\"potentialAction\":[{\"@type\":\"ReadAction\",\"target\":[\"https:\\\/\\\/www.casadeentrerios.gov.ar\\\/?p=9867\"]}]},{\"@type\":\"ImageObject\",\"inLanguage\":\"es\",\"@id\":\"https:\\\/\\\/www.casadeentrerios.gov.ar\\\/?p=9867#primaryimage\",\"url\":\"https:\\\/\\\/www.casadeentrerios.gov.ar\\\/wp-content\\\/uploads\\\/2024\\\/07\\\/img_47-1.png\",\"contentUrl\":\"https:\\\/\\\/www.casadeentrerios.gov.ar\\\/wp-content\\\/uploads\\\/2024\\\/07\\\/img_47-1.png\",\"width\":1920,\"height\":1080},{\"@type\":\"BreadcrumbList\",\"@id\":\"https:\\\/\\\/www.casadeentrerios.gov.ar\\\/?p=9867#breadcrumb\",\"itemListElement\":[{\"@type\":\"ListItem\",\"position\":1,\"name\":\"Portada\",\"item\":\"https:\\\/\\\/www.casadeentrerios.gov.ar\\\/\"},{\"@type\":\"ListItem\",\"position\":2,\"name\":\"Expo Madera 2024 en Concordia: Innovaci\u00f3n y Sostenibilidad en la Construcci\u00f3n\"}]},{\"@type\":\"WebSite\",\"@id\":\"https:\\\/\\\/www.casadeentrerios.gov.ar\\\/#website\",\"url\":\"https:\\\/\\\/www.casadeentrerios.gov.ar\\\/\",\"name\":\"Casa de Entre Rios\",\"description\":\"Representaci\u00f3n del Gobierno de Entre Rios en CABA\",\"publisher\":{\"@id\":\"https:\\\/\\\/www.casadeentrerios.gov.ar\\\/#organization\"},\"potentialAction\":[{\"@type\":\"SearchAction\",\"target\":{\"@type\":\"EntryPoint\",\"urlTemplate\":\"https:\\\/\\\/www.casadeentrerios.gov.ar\\\/?s={search_term_string}\"},\"query-input\":{\"@type\":\"PropertyValueSpecification\",\"valueRequired\":true,\"valueName\":\"search_term_string\"}}],\"inLanguage\":\"es\"},{\"@type\":\"Organization\",\"@id\":\"https:\\\/\\\/www.casadeentrerios.gov.ar\\\/#organization\",\"name\":\"Casa de Entre Rios\",\"url\":\"https:\\\/\\\/www.casadeentrerios.gov.ar\\\/\",\"logo\":{\"@type\":\"ImageObject\",\"inLanguage\":\"es\",\"@id\":\"https:\\\/\\\/www.casadeentrerios.gov.ar\\\/#\\\/schema\\\/logo\\\/image\\\/\",\"url\":\"https:\\\/\\\/www.casadeentrerios.gov.ar\\\/wp-content\\\/uploads\\\/2021\\\/07\\\/img_cer_1.png\",\"contentUrl\":\"https:\\\/\\\/www.casadeentrerios.gov.ar\\\/wp-content\\\/uploads\\\/2021\\\/07\\\/img_cer_1.png\",\"width\":416,\"height\":87,\"caption\":\"Casa de Entre Rios\"},\"image\":{\"@id\":\"https:\\\/\\\/www.casadeentrerios.gov.ar\\\/#\\\/schema\\\/logo\\\/image\\\/\"}},{\"@type\":\"Person\",\"@id\":\"https:\\\/\\\/www.casadeentrerios.gov.ar\\\/#\\\/schema\\\/person\\\/8f711d99d59b83c941adf9e9960f36f9\",\"name\":\"admin\",\"image\":{\"@type\":\"ImageObject\",\"inLanguage\":\"es\",\"@id\":\"https:\\\/\\\/secure.gravatar.com\\\/avatar\\\/83952e3d8f2dd8e4585599a06f137e4070a13a122750ff987dc72294da83e569?s=96&d=mm&r=g\",\"url\":\"https:\\\/\\\/secure.gravatar.com\\\/avatar\\\/83952e3d8f2dd8e4585599a06f137e4070a13a122750ff987dc72294da83e569?s=96&d=mm&r=g\",\"contentUrl\":\"https:\\\/\\\/secure.gravatar.com\\\/avatar\\\/83952e3d8f2dd8e4585599a06f137e4070a13a122750ff987dc72294da83e569?s=96&d=mm&r=g\",\"caption\":\"admin\"},\"sameAs\":[\"http:\\\/\\\/www.casadeentrerios.gov.ar\"],\"url\":\"https:\\\/\\\/www.casadeentrerios.gov.ar\\\/?author=1\"}]}<\/script>\n<!-- \/ Yoast SEO plugin. -->","yoast_head_json":{"title":"Expo Madera 2024 en Concordia: Innovaci\u00f3n y Sostenibilidad en la Construcci\u00f3n - Casa de Entre Rios","robots":{"index":"index","follow":"follow","max-snippet":"max-snippet:-1","max-image-preview":"max-image-preview:large","max-video-preview":"max-video-preview:-1"},"canonical":"https:\/\/www.casadeentrerios.gov.ar\/?p=9867","og_locale":"es_ES","og_type":"article","og_title":"Expo Madera 2024 en Concordia: Innovaci\u00f3n y Sostenibilidad en la Construcci\u00f3n - Casa de Entre Rios","og_description":"Expo Madera 2024 en Concordia: Innovaci\u00f3n y Sostenibilidad en la Construcci\u00f3n La Representaci\u00f3n del Gobierno de Entre R\u00edos convoca a empresas y profesionales del rubro a sumarse a la novena edici\u00f3n de la Expo Madera Entre R\u00edos 2024. Este evento se posiciona como una de las ferias internacionales m\u00e1s destacadas en el \u00e1mbito de la [&hellip;]","og_url":"https:\/\/www.casadeentrerios.gov.ar\/?p=9867","og_site_name":"Casa de Entre Rios","article_published_time":"2024-07-16T21:29:52+00:00","article_modified_time":"2024-09-19T23:54:25+00:00","og_image":[{"width":1024,"height":576,"url":"https:\/\/www.casadeentrerios.gov.ar\/wp-content\/uploads\/2024\/07\/img_47-1-1024x576.png","type":"image\/png"}],"author":"admin","twitter_card":"summary_large_image","twitter_misc":{"Escrito por":"admin","Tiempo de lectura":"3 minutos"},"schema":{"@context":"https:\/\/schema.org","@graph":[{"@type":"Article","@id":"https:\/\/www.casadeentrerios.gov.ar\/?p=9867#article","isPartOf":{"@id":"https:\/\/www.casadeentrerios.gov.ar\/?p=9867"},"author":{"name":"admin","@id":"https:\/\/www.casadeentrerios.gov.ar\/#\/schema\/person\/8f711d99d59b83c941adf9e9960f36f9"},"headline":"Expo Madera 2024 en Concordia: Innovaci\u00f3n y Sostenibilidad en la Construcci\u00f3n","datePublished":"2024-07-16T21:29:52+00:00","dateModified":"2024-09-19T23:54:25+00:00","mainEntityOfPage":{"@id":"https:\/\/www.casadeentrerios.gov.ar\/?p=9867"},"wordCount":464,"publisher":{"@id":"https:\/\/www.casadeentrerios.gov.ar\/#organization"},"image":{"@id":"https:\/\/www.casadeentrerios.gov.ar\/?p=9867#primaryimage"},"thumbnailUrl":"https:\/\/www.casadeentrerios.gov.ar\/wp-content\/uploads\/2024\/07\/img_47-1.png","articleSection":["Noticias"],"inLanguage":"es"},{"@type":"WebPage","@id":"https:\/\/www.casadeentrerios.gov.ar\/?p=9867","url":"https:\/\/www.casadeentrerios.gov.ar\/?p=9867","name":"Expo Madera 2024 en Concordia: Innovaci\u00f3n y Sostenibilidad en la Construcci\u00f3n - Casa de Entre Rios","isPartOf":{"@id":"https:\/\/www.casadeentrerios.gov.ar\/#website"},"primaryImageOfPage":{"@id":"https:\/\/www.casadeentrerios.gov.ar\/?p=9867#primaryimage"},"image":{"@id":"https:\/\/www.casadeentrerios.gov.ar\/?p=9867#primaryimage"},"thumbnailUrl":"https:\/\/www.casadeentrerios.gov.ar\/wp-content\/uploads\/2024\/07\/img_47-1.png","datePublished":"2024-07-16T21:29:52+00:00","dateModified":"2024-09-19T23:54:25+00:00","breadcrumb":{"@id":"https:\/\/www.casadeentrerios.gov.ar\/?p=9867#breadcrumb"},"inLanguage":"es","potentialAction":[{"@type":"ReadAction","target":["https:\/\/www.casadeentrerios.gov.ar\/?p=9867"]}]},{"@type":"ImageObject","inLanguage":"es","@id":"https:\/\/www.casadeentrerios.gov.ar\/?p=9867#primaryimage","url":"https:\/\/www.casadeentrerios.gov.ar\/wp-content\/uploads\/2024\/07\/img_47-1.png","contentUrl":"https:\/\/www.casadeentrerios.gov.ar\/wp-content\/uploads\/2024\/07\/img_47-1.png","width":1920,"height":1080},{"@type":"BreadcrumbList","@id":"https:\/\/www.casadeentrerios.gov.ar\/?p=9867#breadcrumb","itemListElement":[{"@type":"ListItem","position":1,"name":"Portada","item":"https:\/\/www.casadeentrerios.gov.ar\/"},{"@type":"ListItem","position":2,"name":"Expo Madera 2024 en Concordia: Innovaci\u00f3n y Sostenibilidad en la Construcci\u00f3n"}]},{"@type":"WebSite","@id":"https:\/\/www.casadeentrerios.gov.ar\/#website","url":"https:\/\/www.casadeentrerios.gov.ar\/","name":"Casa de Entre Rios","description":"Representaci\u00f3n del Gobierno de Entre Rios en CABA","publisher":{"@id":"https:\/\/www.casadeentrerios.gov.ar\/#organization"},"potentialAction":[{"@type":"SearchAction","target":{"@type":"EntryPoint","urlTemplate":"https:\/\/www.casadeentrerios.gov.ar\/?s={search_term_string}"},"query-input":{"@type":"PropertyValueSpecification","valueRequired":true,"valueName":"search_term_string"}}],"inLanguage":"es"},{"@type":"Organization","@id":"https:\/\/www.casadeentrerios.gov.ar\/#organization","name":"Casa de Entre Rios","url":"https:\/\/www.casadeentrerios.gov.ar\/","logo":{"@type":"ImageObject","inLanguage":"es","@id":"https:\/\/www.casadeentrerios.gov.ar\/#\/schema\/logo\/image\/","url":"https:\/\/www.casadeentrerios.gov.ar\/wp-content\/uploads\/2021\/07\/img_cer_1.png","contentUrl":"https:\/\/www.casadeentrerios.gov.ar\/wp-content\/uploads\/2021\/07\/img_cer_1.png","width":416,"height":87,"caption":"Casa de Entre Rios"},"image":{"@id":"https:\/\/www.casadeentrerios.gov.ar\/#\/schema\/logo\/image\/"}},{"@type":"Person","@id":"https:\/\/www.casadeentrerios.gov.ar\/#\/schema\/person\/8f711d99d59b83c941adf9e9960f36f9","name":"admin","image":{"@type":"ImageObject","inLanguage":"es","@id":"https:\/\/secure.gravatar.com\/avatar\/83952e3d8f2dd8e4585599a06f137e4070a13a122750ff987dc72294da83e569?s=96&d=mm&r=g","url":"https:\/\/secure.gravatar.com\/avatar\/83952e3d8f2dd8e4585599a06f137e4070a13a122750ff987dc72294da83e569?s=96&d=mm&r=g","contentUrl":"https:\/\/secure.gravatar.com\/avatar\/83952e3d8f2dd8e4585599a06f137e4070a13a122750ff987dc72294da83e569?s=96&d=mm&r=g","caption":"admin"},"sameAs":["http:\/\/www.casadeentrerios.gov.ar"],"url":"https:\/\/www.casadeentrerios.gov.ar\/?author=1"}]}},"_links":{"self":[{"href":"https:\/\/www.casadeentrerios.gov.ar\/index.php?rest_route=\/wp\/v2\/posts\/9867","targetHints":{"allow":["GET"]}}],"collection":[{"href":"https:\/\/www.casadeentrerios.gov.ar\/index.php?rest_route=\/wp\/v2\/posts"}],"about":[{"href":"https:\/\/www.casadeentrerios.gov.ar\/index.php?rest_route=\/wp\/v2\/types\/post"}],"author":[{"embeddable":true,"href":"https:\/\/www.casadeentrerios.gov.ar\/index.php?rest_route=\/wp\/v2\/users\/1"}],"replies":[{"embeddable":true,"href":"https:\/\/www.casadeentrerios.gov.ar\/index.php?rest_route=%2Fwp%2Fv2%2Fcomments&post=9867"}],"version-history":[{"count":35,"href":"https:\/\/www.casadeentrerios.gov.ar\/index.php?rest_route=\/wp\/v2\/posts\/9867\/revisions"}],"predecessor-version":[{"id":11017,"href":"https:\/\/www.casadeentrerios.gov.ar\/index.php?rest_route=\/wp\/v2\/posts\/9867\/revisions\/11017"}],"wp:featuredmedia":[{"embeddable":true,"href":"https:\/\/www.casadeentrerios.gov.ar\/index.php?rest_route=\/wp\/v2\/media\/9896"}],"wp:attachment":[{"href":"https:\/\/www.casadeentrerios.gov.ar\/index.php?rest_route=%2Fwp%2Fv2%2Fmedia&parent=9867"}],"wp:term":[{"taxonomy":"category","embeddable":true,"href":"https:\/\/www.casadeentrerios.gov.ar\/index.php?rest_route=%2Fwp%2Fv2%2Fcategories&post=9867"},{"taxonomy":"post_tag","embeddable":true,"href":"https:\/\/www.casadeentrerios.gov.ar\/index.php?rest_route=%2Fwp%2Fv2%2Ftags&post=9867"}],"curies":[{"name":"wp","href":"https:\/\/api.w.org\/{rel}","templated":true}]}}